{"id":4693,"date":"2019-07-17T18:34:07","date_gmt":"2019-07-17T18:34:07","guid":{"rendered":"https:\/\/arroyitoonline.com.ar\/?p=4693"},"modified":"2019-07-17T18:36:13","modified_gmt":"2019-07-17T18:36:13","slug":"hacemos-por-cordoba-emanuel-acosta-volvio-a-imponerse-por-amplio-margen-en-un-sondeo-de-facebook","status":"publish","type":"post","link":"https:\/\/arroyitoonline.com.ar\/?p=4693","title":{"rendered":"Hacemos Por C\u00f3rdoba: Emanuel Acosta volvi\u00f3 a imponerse, por amplio margen, en un sondeo de Facebook"},"content":{"rendered":"\n<p><strong>El joven abogado de 34 a\u00f1os obtuvo casi el 74% de los votos emitidos por los miembros del grupo de Facebook que tiene Arroyito y el Mundo.<\/strong><\/p>\n\n\n\n<p>El 12 de julio pasado, el medio de comunicaci\u00f3n digital y radio online Arroyito y el Mundo dirigido por Franco Bonetto, realiz\u00f3 una encuesta abierta en su<a href=\"https:\/\/www.facebook.com\/groups\/ArroyitoyelMundoGrupo\/\"> grupo de Facebook<\/a>, en la cual sus seguidores respond\u00edan al siguiente interrogante: <em>\u201centre estos cinco precandidatos a intendente de nuestra ciudad de Hacemos por C\u00f3rdoba, \u00bfpor cu\u00e1l te inclinar\u00edas?\u201d<\/em>.<\/p>\n\n\n\n<p>Las opciones eran: el joven\nabogado Emanuel Acosta; el exintendente Julio Ferreyra; el expresidente de la\nCespal por m\u00e1s de 10 a\u00f1os, Jorge Yaco Mansilla; el concejal de UPC, abogado\nMarcelo Ferrero y, un tercer letrado y miliante peronista desde hace 30 a\u00f1os,\nGabriel Paoletti.<\/p>\n\n\n\n<p>Estos \u00faltimos tres nombres\nconforman, seg\u00fan ellos mismos lo han manifestado de manera p\u00fablica, una tercera\nfuerza dentro del PJ local, y cualquiera podr\u00eda ser el precandidato que\nrepresente a dicha l\u00ednea justicialista.<\/p>\n\n\n\n<p>Por su parte, los cinco\nreferentes incluidos en el sondeo ya se mostraron con claras aspiraciones de\ncompetir por la intendencia de Arroyito dentro del frente electoral Hacemos Por\nC\u00f3rdoba encabezado por el gobernador electo con el 60% de los votos, Juan\nSchiaretti.<\/p>\n\n\n\n<figure class=\"wp-block-image\"><img loading=\"lazy\" decoding=\"async\" width=\"522\" height=\"290\" src=\"https:\/\/arroyitoonline.com.ar\/wp-content\/uploads\/2019\/07\/Dibujo.png\" alt=\"\" class=\"wp-image-4697\" srcset=\"https:\/\/arroyitoonline.com.ar\/wp-content\/uploads\/2019\/07\/Dibujo.png 522w, https:\/\/arroyitoonline.com.ar\/wp-content\/uploads\/2019\/07\/Dibujo-300x167.png 300w\" sizes=\"auto, (max-width: 522px) 100vw, 522px\" \/><\/figure>\n\n\n\n<p>De la consulta participaron 192\nusuarios de la red social Facebook, en cinco d\u00edas. Por amplio margen se impuso,\nentre las preferencias de los miembros del grupo, Emanuel Acosta, con casi 74%\nde los votos. Segundo qued\u00f3 el exintendente Julio Ferreyra, que obtuvo el 11,4%.\nLejos, y con paridad entre ellos, resultaron Paoletti (5,2%); el excandidato a\nintendente por el Partido del Campo Popular, Jorge Yaco Mansilla (4,7%), y\nFerrero (4,7%). Pero, suponiendo que porque pertenecen al mismo espacio sus\nvotos se sumaran, hubieran alcanzado un total del 14,6%.<\/p>\n\n\n\n<p>Seg\u00fan lo han expresado a <strong>Arroyito Online<\/strong>, Acosta (34) y su\nequipo contin\u00faan trabajando en el armado de un proyecto de gobierno que\ntransparente m\u00e1s el presupuesto, gaste menos en pol\u00edtica y priorice las obras y\nlos servicios que los vecinos de Arroyito necesitan; con una mirada fuerte en\nla renovaci\u00f3n de la pol\u00edtica.<\/p>\n\n\n\n<p>Adem\u00e1s, pudimos saber que Hacemos por C\u00f3rdoba decidir\u00eda qui\u00e9n ser\u00e1 el candidato por esa fuerza pol\u00edtica en el momento en el cual el intendente Cravero oficialice la fecha de elecciones municipales que, seg\u00fan especulaciones, podr\u00eda ser el 27 de octubre, en conjunto con las presidenciales.<\/p>\n\n\n\n<p><strong>Qui\u00e9n es Emanuel Acosta<\/strong><\/p>\n\n\n\n<p>34 a\u00f1os, nacido en la ciudad de\nArroyito. Abogado egresado de la Facultad de Derecho de la Universidad Nacional\nde C\u00f3rdoba. Docente de Derecho en el Nivel Superior Esc. Dr. Dalmacio V\u00e9lez\nSarsfield. Socio del estudio jur\u00eddico integrado tambi\u00e9n por Gabriela D\u00edaz y\nGast\u00f3n Fabre. Desde hace mas de cinco a\u00f1os, apoderado de Banco Macro SA,\nsucursal Arroyito. Tambi\u00e9n gestiona las causas de HSBC Bank Argentina y Plan\nRombo S.A. En lo social, desde su estudio jur\u00eddico, ha acompa\u00f1ado siempre a las\nasociaciones sin fines de lucro, como Acercar, Coraz\u00f3n de Trapo, asesorando y\ngestionado. Dos veces secretario del Colegio de Abogados de la ciudad de\nArroyito. Fue presidente del Centro de Estudiantes de la Velez y subcoordinador\ndel Consejo Municipal de la Juventud de Arroyito.<\/p>\n\n\n\n<p>Fuente del sondeo: Arroyito y el Mundo (Franco Bonetto). <\/p>\n","protected":false},"excerpt":{"rendered":"<p>El joven abogado de 34 a\u00f1os obtuvo casi el 74% de los votos emitidos por los miembros del grupo de&hellip;<\/p>\n","protected":false},"author":3,"featured_media":4113,"comment_status":"closed","ping_status":"open","sticky":false,"template":"","format":"standard","meta":{"footnotes":""},"categories":[8],"tags":[955,66,67,836,957,480,572,602,640],"class_list":["post-4693","post","type-post","status-publish","format-standard","has-post-thumbnail","hentry","category-politica","tag-acosta","tag-arroyito","tag-arroyito-cordoba","tag-arroyito-online","tag-hacemos-por-cordoba","tag-juventud-peronista","tag-noticias-de-arroyito-y-zona","tag-partido-justicialista","tag-politica"],"_links":{"self":[{"href":"https:\/\/arroyitoonline.com.ar\/index.php?rest_route=\/wp\/v2\/posts\/4693","targetHints":{"allow":["GET"]}}],"collection":[{"href":"https:\/\/arroyitoonline.com.ar\/index.php?rest_route=\/wp\/v2\/posts"}],"about":[{"href":"https:\/\/arroyitoonline.com.ar\/index.php?rest_route=\/wp\/v2\/types\/post"}],"author":[{"embeddable":true,"href":"https:\/\/arroyitoonline.com.ar\/index.php?rest_route=\/wp\/v2\/users\/3"}],"replies":[{"embeddable":true,"href":"https:\/\/arroyitoonline.com.ar\/index.php?rest_route=%2Fwp%2Fv2%2Fcomments&post=4693"}],"version-history":[{"count":3,"href":"https:\/\/arroyitoonline.com.ar\/index.php?rest_route=\/wp\/v2\/posts\/4693\/revisions"}],"predecessor-version":[{"id":4698,"href":"https:\/\/arroyitoonline.com.ar\/index.php?rest_route=\/wp\/v2\/posts\/4693\/revisions\/4698"}],"wp:featuredmedia":[{"embeddable":true,"href":"https:\/\/arroyitoonline.com.ar\/index.php?rest_route=\/wp\/v2\/media\/4113"}],"wp:attachment":[{"href":"https:\/\/arroyitoonline.com.ar\/index.php?rest_route=%2Fwp%2Fv2%2Fmedia&parent=4693"}],"wp:term":[{"taxonomy":"category","embeddable":true,"href":"https:\/\/arroyitoonline.com.ar\/index.php?rest_route=%2Fwp%2Fv2%2Fcategories&post=4693"},{"taxonomy":"post_tag","embeddable":true,"href":"https:\/\/arroyitoonline.com.ar\/index.php?rest_route=%2Fwp%2Fv2%2Ftags&post=4693"}],"curies":[{"name":"wp","href":"https:\/\/api.w.org\/{rel}","templated":true}]}}