{"id":4702,"date":"2019-07-18T02:54:24","date_gmt":"2019-07-18T02:54:24","guid":{"rendered":"https:\/\/arroyitoonline.com.ar\/?p=4702"},"modified":"2019-07-18T02:54:26","modified_gmt":"2019-07-18T02:54:26","slug":"exclusivo-cravero-dijo-que-las-elecciones-municipales-serian-el-27-de-octubre","status":"publish","type":"post","link":"https:\/\/arroyitoonline.com.ar\/?p=4702","title":{"rendered":"Exclusivo: Cravero dijo que las elecciones municipales ser\u00edan el 27 de octubre"},"content":{"rendered":"\n<p><strong>El intendente espera un dictamen de Asesor\u00eda Letrada, para saber c\u00f3mo proceder con los menores de 16 y 17 a\u00f1os, que pueden elegir presidente pero no intendente. <\/strong><\/p>\n\n\n\n<p>Esta tarde, en el marco de la inauguraci\u00f3n del Centro de Salud Santa Teresita ubicado en el paraje El Fuertecito, entrevistamos a Mauricio Cravero. <\/p>\n\n\n\n<p>En exclusiva para <strong>Facebook Live Arroyito Online<\/strong> y, ante la pregunta de si ya ten\u00eda la fecha de elecciones definida, el jefe municipal respondi\u00f3 sin dudas que <em>&#8220;90% que va a ser fin de octubre. Muy posible que sea el 27 de octubre, pero va a ser por ah\u00ed, porque parecer\u00eda que est\u00e1n todos desesperados con eso y, en realidad, la gente hoy est\u00e1 preocupada por otras cosas&#8221;<\/em>.<\/p>\n\n\n\n<p>Adem\u00e1s, el intendente explic\u00f3 que Asesor\u00eda Letrada est\u00e1 haciendo un dictamen, ya que <em>&#8220;quiero tener bien claridad c\u00f3mo es, c\u00f3mo se vota, si hay que usar el mismo padr\u00f3n, si hay que usar dos padrones, no quiero complicarle la vida al vecino. Eso quiero que lo entiendan, estamos ah\u00ed, viendo. Si es mucha complicaci\u00f3n votaremos una semana antes o dos semanas antes&#8221;<\/em>, haciendo referencia a que los j\u00f3venes de 16 y 17 a\u00f1os podr\u00e1n elegir presidente, pero no intendente, de acuerdo a lo expresado en nuestra Carta Org\u00e1nica. <\/p>\n\n\n\n<p>Tambi\u00e9n desminti\u00f3 rumores de que los comicios locales podr\u00edan realizarse en noviembre: <em>&#8220;Lo que puede cambiar es espec\u00edficamente el tema del padr\u00f3n. Ser\u00eda una locura que en una puerta vot\u00e9s una cosa y en la otra, otra cosa. Me tienen que garantizar mis asesores legales, que no habr\u00eda problema, solo que se agregar\u00edan los de 16 a\u00f1os, que no me molestar\u00eda, qu\u00e9 mejor que pueda votar m\u00e1s gente, no habr\u00eda ning\u00fan inconveniente&#8221;<\/em>. <\/p>\n\n\n\n<p>Por \u00faltimo, y ante la consulta de que si fue el presidente Mauricio Macri quien le pidi\u00f3 que las elecciones locales se hagan el mismo d\u00eda que las nacionales, Cravero contest\u00f3 con una sonrisa suspicaz <em>&#8220;\u00a1que lindo d\u00eda hoy!&#8221; <\/em>, dando por finalizada la nota. <\/p>\n\n\n\n<p>Ahora, resta que sepamos qu\u00e9 rostro local ir\u00e1 al costado del de Macri, en la boleta completa de Juntos por el cambio (ex-Cambiemos), si los comicios fueran el 27 de octubre, teniendo en cuenta que, seg\u00fan sondeos recientes, Arroyito sigue mostrando buen nivel de apoyo al fundador del PRO. <\/p>\n\n\n\n<p>Foto de archivo, solo a modo ilustrativo: Arroyito Online. <\/p>\n","protected":false},"excerpt":{"rendered":"<p>El intendente espera un dictamen de Asesor\u00eda Letrada, para saber c\u00f3mo proceder con los menores de 16 y 17 a\u00f1os,&hellip;<\/p>\n","protected":false},"author":3,"featured_media":4703,"comment_status":"closed","ping_status":"open","sticky":false,"template":"","format":"standard","meta":{"footnotes":""},"categories":[8],"tags":[13,66,67,836,253,318,511,527,555,556,571,572],"class_list":["post-4702","post","type-post","status-publish","format-standard","has-post-thumbnail","hentry","category-politica","tag-13","tag-arroyito","tag-arroyito-cordoba","tag-arroyito-online","tag-cravero","tag-elecciones","tag-macri","tag-mauricio-cravero","tag-municipalidad","tag-municipalidad-de-arroyito","tag-noticia","tag-noticias-de-arroyito-y-zona"],"_links":{"self":[{"href":"https:\/\/arroyitoonline.com.ar\/index.php?rest_route=\/wp\/v2\/posts\/4702","targetHints":{"allow":["GET"]}}],"collection":[{"href":"https:\/\/arroyitoonline.com.ar\/index.php?rest_route=\/wp\/v2\/posts"}],"about":[{"href":"https:\/\/arroyitoonline.com.ar\/index.php?rest_route=\/wp\/v2\/types\/post"}],"author":[{"embeddable":true,"href":"https:\/\/arroyitoonline.com.ar\/index.php?rest_route=\/wp\/v2\/users\/3"}],"replies":[{"embeddable":true,"href":"https:\/\/arroyitoonline.com.ar\/index.php?rest_route=%2Fwp%2Fv2%2Fcomments&post=4702"}],"version-history":[{"count":1,"href":"https:\/\/arroyitoonline.com.ar\/index.php?rest_route=\/wp\/v2\/posts\/4702\/revisions"}],"predecessor-version":[{"id":4704,"href":"https:\/\/arroyitoonline.com.ar\/index.php?rest_route=\/wp\/v2\/posts\/4702\/revisions\/4704"}],"wp:featuredmedia":[{"embeddable":true,"href":"https:\/\/arroyitoonline.com.ar\/index.php?rest_route=\/wp\/v2\/media\/4703"}],"wp:attachment":[{"href":"https:\/\/arroyitoonline.com.ar\/index.php?rest_route=%2Fwp%2Fv2%2Fmedia&parent=4702"}],"wp:term":[{"taxonomy":"category","embeddable":true,"href":"https:\/\/arroyitoonline.com.ar\/index.php?rest_route=%2Fwp%2Fv2%2Fcategories&post=4702"},{"taxonomy":"post_tag","embeddable":true,"href":"https:\/\/arroyitoonline.com.ar\/index.php?rest_route=%2Fwp%2Fv2%2Ftags&post=4702"}],"curies":[{"name":"wp","href":"https:\/\/api.w.org\/{rel}","templated":true}]}}