{"id":4709,"date":"2019-07-19T03:19:19","date_gmt":"2019-07-19T03:19:19","guid":{"rendered":"https:\/\/arroyitoonline.com.ar\/?p=4709"},"modified":"2019-07-19T12:38:32","modified_gmt":"2019-07-19T12:38:32","slug":"benedetti-en-el-fuerte-no-me-importa-si-tenemos-que-llevar-el-sello-de-cualquier-partido","status":"publish","type":"post","link":"https:\/\/arroyitoonline.com.ar\/?p=4709","title":{"rendered":"Benedetti, en El Fuerte: &#8220;No me importa si tenemos que llevar el sello de cualquier partido&#8221;"},"content":{"rendered":"\n<p><strong>En el vecino paraje, el concejal radical se diferenci\u00f3 de Cravero y dej\u00f3 entrever que ir\u00eda a elecciones por fuera de\u00a0la\u00a0UCR.\u00a0<\/strong><\/p>\n\n\n\n<p><em>&#8220;No me estoy preparando para ganar una elecci\u00f3n, me estoy preparando para gobernar la ciudad&#8221;<\/em> dijo esta noche, como inicio de su discurso, Gustavo Benedetti, ante unas 300 personas, en el galp\u00f3n donde funciona un taller mec\u00e1nico ubicado en El Fuertecito.<\/p>\n\n\n\n<p>El precandidato a intendente aprovech\u00f3 la cercan\u00eda de la fecha con el D\u00eda del Amigo, para agasajar a los vecinos con una choripaneada, y present\u00f3 a tres miembros de su equipo: Claudia Oberto, Ver\u00f3nica Maritano [educaci\u00f3n] y Pamela Musso [adicciones].<\/p>\n\n\n\n<p>Adem\u00e1s, el actual concejal del\nRadicalismo lanz\u00f3 algunas cr\u00edticas a la gesti\u00f3n de Mauricio Cravero: <em>\u201cNo podemos tener un gobierno que est\u00e9\nsiguiendo por tel\u00e9fono, a quien le pone o no, un me gusta al Facebook. No me\nimporta el color pol\u00edtico, o si tenemos que llevar el sello de cualquier\npartido\u201d<\/em>. Y, con esta \u00faltima frase, dej\u00f3 entrever que competir\u00eda por la\nintendencia, por fuera del partido que lo vio dar sus primeros pasos en la\nmilitancia.<\/p>\n\n\n\n<p>Adem\u00e1s, al momento de hablar, Claudia\nOberto \u2013una de sus voceras- explic\u00f3 que el grupo de trabajo del exintendente\nest\u00e1 integrado por 263 personas y que el centro de las preocupaciones de\nBenedetti es acci\u00f3n social.<\/p>\n\n\n\n<p>A continuaci\u00f3n, prometieron la\ncreaci\u00f3n de la secretar\u00eda de Salud y luego consultaron las necesidades de los\nhabitantes, para la elaboraci\u00f3n de un <em>\u201cdiagn\u00f3stico\u201d<\/em>\nde la situaci\u00f3n del paraje.<\/p>\n","protected":false},"excerpt":{"rendered":"<p>En el vecino paraje, el concejal radical se diferenci\u00f3 de Cravero y dej\u00f3 entrever que ir\u00eda a elecciones por fuera&hellip;<\/p>\n","protected":false},"author":3,"featured_media":4710,"comment_status":"closed","ping_status":"open","sticky":false,"template":"","format":"standard","meta":{"footnotes":""},"categories":[8],"tags":[13,66,67,836,115,318,454,572,640,871,779],"class_list":["post-4709","post","type-post","status-publish","format-standard","has-post-thumbnail","hentry","category-politica","tag-13","tag-arroyito","tag-arroyito-cordoba","tag-arroyito-online","tag-benedetti","tag-elecciones","tag-intendente","tag-noticias-de-arroyito-y-zona","tag-politica","tag-radicalismo","tag-ucr"],"_links":{"self":[{"href":"https:\/\/arroyitoonline.com.ar\/index.php?rest_route=\/wp\/v2\/posts\/4709","targetHints":{"allow":["GET"]}}],"collection":[{"href":"https:\/\/arroyitoonline.com.ar\/index.php?rest_route=\/wp\/v2\/posts"}],"about":[{"href":"https:\/\/arroyitoonline.com.ar\/index.php?rest_route=\/wp\/v2\/types\/post"}],"author":[{"embeddable":true,"href":"https:\/\/arroyitoonline.com.ar\/index.php?rest_route=\/wp\/v2\/users\/3"}],"replies":[{"embeddable":true,"href":"https:\/\/arroyitoonline.com.ar\/index.php?rest_route=%2Fwp%2Fv2%2Fcomments&post=4709"}],"version-history":[{"count":3,"href":"https:\/\/arroyitoonline.com.ar\/index.php?rest_route=\/wp\/v2\/posts\/4709\/revisions"}],"predecessor-version":[{"id":4714,"href":"https:\/\/arroyitoonline.com.ar\/index.php?rest_route=\/wp\/v2\/posts\/4709\/revisions\/4714"}],"wp:featuredmedia":[{"embeddable":true,"href":"https:\/\/arroyitoonline.com.ar\/index.php?rest_route=\/wp\/v2\/media\/4710"}],"wp:attachment":[{"href":"https:\/\/arroyitoonline.com.ar\/index.php?rest_route=%2Fwp%2Fv2%2Fmedia&parent=4709"}],"wp:term":[{"taxonomy":"category","embeddable":true,"href":"https:\/\/arroyitoonline.com.ar\/index.php?rest_route=%2Fwp%2Fv2%2Fcategories&post=4709"},{"taxonomy":"post_tag","embeddable":true,"href":"https:\/\/arroyitoonline.com.ar\/index.php?rest_route=%2Fwp%2Fv2%2Ftags&post=4709"}],"curies":[{"name":"wp","href":"https:\/\/api.w.org\/{rel}","templated":true}]}}