{"id":4723,"date":"2019-07-22T08:38:11","date_gmt":"2019-07-22T08:38:11","guid":{"rendered":"https:\/\/arroyitoonline.com.ar\/?p=4723"},"modified":"2019-07-22T12:41:04","modified_gmt":"2019-07-22T12:41:04","slug":"la-policia-detuvo-a-tres-hombres-que-habian-robado-un-local-comercial","status":"publish","type":"post","link":"https:\/\/arroyitoonline.com.ar\/?p=4723","title":{"rendered":"La Polic\u00eda detuvo a tres hombres que hab\u00edan robado en un local comercial"},"content":{"rendered":"\n<p><strong>La fuerza p\u00fablica mont\u00f3 un r\u00e1pido operativo cerrojo e intercept\u00f3 a los sujetos, dos menores y uno mayor.<\/strong><\/p>\n\n\n\n<p>El s\u00e1bado a las 7:50\nhoras, un llamado al 101 dio aviso de que tres masculinos habr\u00edan roto la\nvidriera de un local comercial ubicado en la intersecci\u00f3n de las avenidas Arturo\nIllia y Mariano Moreno. Seg\u00fan esa comunicaci\u00f3n, los hombres estaban sustrayendo\nprendas de vestir y huyendo a pi\u00e9. <\/p>\n\n\n\n<p>De inmediato, la Polic\u00eda\nmont\u00f3 un operativo cerrojo con los m\u00f3viles de la fuerza logrando interceptarlos\nen Bianchi esquina Col\u00f3n, coincidiendo los sujetos con las caracter\u00edsticas\naportadas.<\/p>\n\n\n\n<figure class=\"wp-block-image\"><img loading=\"lazy\" decoding=\"async\" width=\"925\" height=\"557\" src=\"https:\/\/arroyitoonline.com.ar\/wp-content\/uploads\/2019\/07\/objetos-robados-illia-moreno_Fotor.jpg\" alt=\"\" class=\"wp-image-4725\" srcset=\"https:\/\/arroyitoonline.com.ar\/wp-content\/uploads\/2019\/07\/objetos-robados-illia-moreno_Fotor.jpg 925w, https:\/\/arroyitoonline.com.ar\/wp-content\/uploads\/2019\/07\/objetos-robados-illia-moreno_Fotor-300x181.jpg 300w, https:\/\/arroyitoonline.com.ar\/wp-content\/uploads\/2019\/07\/objetos-robados-illia-moreno_Fotor-768x462.jpg 768w\" sizes=\"auto, (max-width: 925px) 100vw, 925px\" \/><figcaption><em>Las prendas sustraidas del local comercial ubicado en Illia esquina Moreno<\/em><\/figcaption><\/figure>\n\n\n\n<p>Los uniformados les\nrealizaron un palpado preventivo y el registro de sus pertenencias\nencontr\u00e1ndoles, en la mochila que llevaba uno de ellos, prendas de vestir\nvarias con las correspondientes etiquetas y precios, procediendo a la\naprehensi\u00f3n y traslado de estos a la Comisar\u00eda.<\/p>\n\n\n\n<p>All\u00ed fueron identificados\nde manera correcta, siendo dos menores de 17, uno de Arroyito y el otro de El\nT\u00edo, y el tercero de 18 a\u00f1os, de esta localidad. <\/p>\n\n\n\n<p>La Polic\u00eda procedi\u00f3 al secuestro de una mochila con prendas de vestir e inici\u00f3 actuaciones sumariales con conocimiento e intervenci\u00f3n de la Fiscal\u00eda de Feria de la ciudad de San Francisco, quedando el masculino mayor de edad alojado y siendo los menores entregados a sus progenitores. <\/p>\n\n\n\n<p>Fuente y fotos: informe de la oficial Principal J\u00e9sica Paz. <\/p>\n","protected":false},"excerpt":{"rendered":"<p>La fuerza p\u00fablica mont\u00f3 un r\u00e1pido operativo cerrojo e intercept\u00f3 a los sujetos, dos menores y uno mayor. El s\u00e1bado&hellip;<\/p>\n","protected":false},"author":3,"featured_media":4724,"comment_status":"closed","ping_status":"open","sticky":false,"template":"","format":"standard","meta":{"footnotes":""},"categories":[824],"tags":[66,67,836,285,572,637,638,825,693,694],"class_list":["post-4723","post","type-post","status-publish","format-standard","has-post-thumbnail","hentry","category-policiales-online","tag-arroyito","tag-arroyito-cordoba","tag-arroyito-online","tag-detencion","tag-noticias-de-arroyito-y-zona","tag-policiales","tag-policiales-arroyito","tag-policiales-online","tag-robo","tag-robos"],"_links":{"self":[{"href":"https:\/\/arroyitoonline.com.ar\/index.php?rest_route=\/wp\/v2\/posts\/4723","targetHints":{"allow":["GET"]}}],"collection":[{"href":"https:\/\/arroyitoonline.com.ar\/index.php?rest_route=\/wp\/v2\/posts"}],"about":[{"href":"https:\/\/arroyitoonline.com.ar\/index.php?rest_route=\/wp\/v2\/types\/post"}],"author":[{"embeddable":true,"href":"https:\/\/arroyitoonline.com.ar\/index.php?rest_route=\/wp\/v2\/users\/3"}],"replies":[{"embeddable":true,"href":"https:\/\/arroyitoonline.com.ar\/index.php?rest_route=%2Fwp%2Fv2%2Fcomments&post=4723"}],"version-history":[{"count":2,"href":"https:\/\/arroyitoonline.com.ar\/index.php?rest_route=\/wp\/v2\/posts\/4723\/revisions"}],"predecessor-version":[{"id":4727,"href":"https:\/\/arroyitoonline.com.ar\/index.php?rest_route=\/wp\/v2\/posts\/4723\/revisions\/4727"}],"wp:featuredmedia":[{"embeddable":true,"href":"https:\/\/arroyitoonline.com.ar\/index.php?rest_route=\/wp\/v2\/media\/4724"}],"wp:attachment":[{"href":"https:\/\/arroyitoonline.com.ar\/index.php?rest_route=%2Fwp%2Fv2%2Fmedia&parent=4723"}],"wp:term":[{"taxonomy":"category","embeddable":true,"href":"https:\/\/arroyitoonline.com.ar\/index.php?rest_route=%2Fwp%2Fv2%2Fcategories&post=4723"},{"taxonomy":"post_tag","embeddable":true,"href":"https:\/\/arroyitoonline.com.ar\/index.php?rest_route=%2Fwp%2Fv2%2Ftags&post=4723"}],"curies":[{"name":"wp","href":"https:\/\/api.w.org\/{rel}","templated":true}]}}