{"id":4728,"date":"2019-07-22T14:59:20","date_gmt":"2019-07-22T14:59:20","guid":{"rendered":"https:\/\/arroyitoonline.com.ar\/?p=4728"},"modified":"2019-07-22T18:32:56","modified_gmt":"2019-07-22T18:32:56","slug":"algunos-concejales-cobran-un-adicional-por-la-atencion-en-la-oficina-de-participacion-ciudadana","status":"publish","type":"post","link":"https:\/\/arroyitoonline.com.ar\/?p=4728","title":{"rendered":"Algunos concejales cobran un adicional por la atenci\u00f3n en la oficina de Participaci\u00f3n Ciudadana"},"content":{"rendered":"\n<p><strong>Se trata de los radicales Beigveder, Novara y Benedetti, los vecinalistas Genesio y Sileone, el peronista Ferrero y Ciancia.<\/strong><\/p>\n\n\n\n<p>Si bien data del 8 de mayo pasado, la Resoluci\u00f3n n\u00famero 5 del a\u00f1o 2019 del Concejo Deliberante, tom\u00f3 estado p\u00fablico ayer y la foto ya circula por las redes sociales y medios de comunicaci\u00f3n. <\/p>\n\n\n\n<p>Es que seg\u00fan considera, <em>&#8220;los ediles del actual per\u00edodo de gobierno han decidido percibir el adicional por atenci\u00f3n en la oficina de Participaci\u00f3n Ciudadana, facultad \u00e9sta que es otorgada por el Art\u00edculo N\u00b0 59 de la Carta Org\u00e1nica Municipal que menciona`Por ordenanza se establecer\u00e1 -si corresponde- el adicional remunerativo que percibir\u00e1 el concejal que, en el per\u00edodo de tiempo que la reglamentaci\u00f3n legal establezca, se desempe\u00f1e en la atenci\u00f3n de la oficina de Participaci\u00f3n Ciudadana\u00b4&#8221;<\/em>.<\/p>\n\n\n\n<p>Por lo tanto, resuelve que se abone a los actuales concejales Gustavo Benedetti, Jes\u00fas Beigveder, Wilson Genesio, Juan Jos\u00e9 Sileone, Carolina Ciancia y Marcelo Ferrero, un adicional de $2.500 mensuales retroactivo a marzo de 2019.<\/p>\n\n\n\n<p>Y al edil Javier Novara, a partir de mayo, por igual adicional que percibir\u00e1n los dem\u00e1s concejales, hasta el final del mandato que a cada uno corresponda. <\/p>\n\n\n\n<p>La resoluci\u00f3n est\u00e1 firmada por la presidente Graciela Tristany, los vicepresidentes 1\u00b0 y 2\u00b0 del cuerpo, Jes\u00fas Beigveder y Juan Jos\u00e9 Sileone, y la secretaria Flaviana Francesse. <\/p>\n\n\n\n<figure class=\"wp-block-image\"><img loading=\"lazy\" decoding=\"async\" width=\"622\" height=\"1024\" src=\"https:\/\/arroyitoonline.com.ar\/wp-content\/uploads\/2019\/07\/resoluci\u00f3n-adicional-of.-participaci\u00f3n-ciudadana-622x1024.jpg\" alt=\"\" class=\"wp-image-4752\" srcset=\"https:\/\/arroyitoonline.com.ar\/wp-content\/uploads\/2019\/07\/resoluci\u00f3n-adicional-of.-participaci\u00f3n-ciudadana-622x1024.jpg 622w, https:\/\/arroyitoonline.com.ar\/wp-content\/uploads\/2019\/07\/resoluci\u00f3n-adicional-of.-participaci\u00f3n-ciudadana-182x300.jpg 182w, https:\/\/arroyitoonline.com.ar\/wp-content\/uploads\/2019\/07\/resoluci\u00f3n-adicional-of.-participaci\u00f3n-ciudadana-768x1265.jpg 768w, https:\/\/arroyitoonline.com.ar\/wp-content\/uploads\/2019\/07\/resoluci\u00f3n-adicional-of.-participaci\u00f3n-ciudadana.jpg 1243w\" sizes=\"auto, (max-width: 622px) 100vw, 622px\" \/><figcaption><em>La Resoluci\u00f3n<\/em><\/figcaption><\/figure>\n\n\n\n<p>Al respecto, y durante la ma\u00f1ana, opinaron vecinos a trav\u00e9s de diversos medios radiales y digitales. Por ejemplo, en FM Libre 93.7, la exconcejala justicialista Gladys Vaca manifest\u00f3 que <em>&#8220;La decisi\u00f3n es del Cuerpo, no de la viceintendenta. Est\u00e1 mal, yo en su momento lo plante\u00e9, aunque nuestro sueldo era de $4.000 o $5.000 pesos, que me daba verg\u00fcenza. Y, recuerdo las palabras de Javier Novara en ese momento: `usted es due\u00f1a de aceptarlo o no y de hacer lo que quiera con ese dinero\u00b4. Y yo lo usaba para comprarle mercader\u00eda a la gente&#8221;<\/em>. <\/p>\n\n\n\n<figure class=\"wp-block-image\"><img loading=\"lazy\" decoding=\"async\" width=\"545\" height=\"951\" src=\"https:\/\/arroyitoonline.com.ar\/wp-content\/uploads\/2019\/07\/resoluci\u00f3n-adicional-concejo-deliberante-oficina-de-participaci\u00f3n_Fotor.jpg\" alt=\"\" class=\"wp-image-4747\" srcset=\"https:\/\/arroyitoonline.com.ar\/wp-content\/uploads\/2019\/07\/resoluci\u00f3n-adicional-concejo-deliberante-oficina-de-participaci\u00f3n_Fotor.jpg 545w, https:\/\/arroyitoonline.com.ar\/wp-content\/uploads\/2019\/07\/resoluci\u00f3n-adicional-concejo-deliberante-oficina-de-participaci\u00f3n_Fotor-172x300.jpg 172w\" sizes=\"auto, (max-width: 545px) 100vw, 545px\" \/><figcaption><em>La imagen que tom\u00f3 estado p\u00fablico ayer, donde se ven las firmas<\/em><\/figcaption><\/figure>\n\n\n\n<p>En el mismo sentido se expres\u00f3 el periodista Federico Ceballos, quien afirm\u00f3 que <em>&#8220;Del interior del interior, Arroyito tendr\u00eda los concejales mejores pagos del pa\u00eds&#8221;<\/em>.<\/p>\n\n\n\n<p>Hoy, un edil local cobra el 40% del sueldo del intendente, unos $45.000, a lo que se suma el adicional de la oficina de Participaci\u00f3n, menos para quienes no atienden en la dependencia \u2013seg\u00fan fue aclarado desde el Concejo, a nuestro medio-, Claudio Franceschi y Alejandra Dellavale, tal como lo ratifica la siguiente imagen:<\/p>\n\n\n\n<figure class=\"wp-block-image\"><img loading=\"lazy\" decoding=\"async\" width=\"869\" height=\"674\" src=\"https:\/\/arroyitoonline.com.ar\/wp-content\/uploads\/2019\/07\/oficina-de-participaci\u00f3n-ciudadana-horarios_Fotor_20190722.jpg\" alt=\"\" class=\"wp-image-4756\" srcset=\"https:\/\/arroyitoonline.com.ar\/wp-content\/uploads\/2019\/07\/oficina-de-participaci\u00f3n-ciudadana-horarios_Fotor_20190722.jpg 869w, https:\/\/arroyitoonline.com.ar\/wp-content\/uploads\/2019\/07\/oficina-de-participaci\u00f3n-ciudadana-horarios_Fotor_20190722-300x233.jpg 300w, https:\/\/arroyitoonline.com.ar\/wp-content\/uploads\/2019\/07\/oficina-de-participaci\u00f3n-ciudadana-horarios_Fotor_20190722-768x596.jpg 768w\" sizes=\"auto, (max-width: 869px) 100vw, 869px\" \/><\/figure>\n","protected":false},"excerpt":{"rendered":"<p>Se trata de los radicales Beigveder, Novara y Benedetti, los vecinalistas Genesio y Sileone, el peronista Ferrero y Ciancia. Si&hellip;<\/p>\n","protected":false},"author":3,"featured_media":2996,"comment_status":"closed","ping_status":"open","sticky":false,"template":"","format":"standard","meta":{"footnotes":""},"categories":[920],"tags":[66,67,836,891,572,640],"class_list":["post-4728","post","type-post","status-publish","format-standard","has-post-thumbnail","hentry","category-concejo-deliberante-online","tag-arroyito","tag-arroyito-cordoba","tag-arroyito-online","tag-concejales","tag-noticias-de-arroyito-y-zona","tag-politica"],"_links":{"self":[{"href":"https:\/\/arroyitoonline.com.ar\/index.php?rest_route=\/wp\/v2\/posts\/4728","targetHints":{"allow":["GET"]}}],"collection":[{"href":"https:\/\/arroyitoonline.com.ar\/index.php?rest_route=\/wp\/v2\/posts"}],"about":[{"href":"https:\/\/arroyitoonline.com.ar\/index.php?rest_route=\/wp\/v2\/types\/post"}],"author":[{"embeddable":true,"href":"https:\/\/arroyitoonline.com.ar\/index.php?rest_route=\/wp\/v2\/users\/3"}],"replies":[{"embeddable":true,"href":"https:\/\/arroyitoonline.com.ar\/index.php?rest_route=%2Fwp%2Fv2%2Fcomments&post=4728"}],"version-history":[{"count":9,"href":"https:\/\/arroyitoonline.com.ar\/index.php?rest_route=\/wp\/v2\/posts\/4728\/revisions"}],"predecessor-version":[{"id":4757,"href":"https:\/\/arroyitoonline.com.ar\/index.php?rest_route=\/wp\/v2\/posts\/4728\/revisions\/4757"}],"wp:featuredmedia":[{"embeddable":true,"href":"https:\/\/arroyitoonline.com.ar\/index.php?rest_route=\/wp\/v2\/media\/2996"}],"wp:attachment":[{"href":"https:\/\/arroyitoonline.com.ar\/index.php?rest_route=%2Fwp%2Fv2%2Fmedia&parent=4728"}],"wp:term":[{"taxonomy":"category","embeddable":true,"href":"https:\/\/arroyitoonline.com.ar\/index.php?rest_route=%2Fwp%2Fv2%2Fcategories&post=4728"},{"taxonomy":"post_tag","embeddable":true,"href":"https:\/\/arroyitoonline.com.ar\/index.php?rest_route=%2Fwp%2Fv2%2Ftags&post=4728"}],"curies":[{"name":"wp","href":"https:\/\/api.w.org\/{rel}","templated":true}]}}