{"id":4755,"date":"2019-07-22T17:26:14","date_gmt":"2019-07-22T17:26:14","guid":{"rendered":"https:\/\/arroyitoonline.com.ar\/?p=4755"},"modified":"2019-07-22T18:40:34","modified_gmt":"2019-07-22T18:40:34","slug":"novara-los-que-no-cobran-el-adicional-son-los-que-no-atienden-en-la-oficina-de-participacion-ciudadana","status":"publish","type":"post","link":"https:\/\/arroyitoonline.com.ar\/?p=4755","title":{"rendered":"Novara: \u201cLos que no cobran el adicional son los que no atienden en la oficina de Participaci\u00f3n Ciudadana\u201d"},"content":{"rendered":"\n<p>Ayer tom\u00f3 estado p\u00fablico <a href=\"https:\/\/arroyitoonline.com.ar\/info-online\/politica\/algunos-concejales-cobran-un-adicional-por-la-atencion-en-la-oficina-de-participacion-ciudadana\/\">la resoluci\u00f3n N\u00ba 5 del a\u00f1o 2019<\/a>, a trav\u00e9s de la cual <em>&#8220;los ediles del actual per\u00edodo de gobierno han decidido percibir el adicional por atenci\u00f3n en la oficina de Participaci\u00f3n Ciudadana, facultad \u00e9sta que es otorgada por el Art\u00edculo N\u00b0 59 de la Carta Org\u00e1nica Municipal que menciona `Por ordenanza se establecer\u00e1 \u2013si corresponde- el adicional remunerativo que percibir\u00e1 el concejal que, en el per\u00edodo de tiempo que la reglamentaci\u00f3n legal establezca, se desempe\u00f1e en la atenci\u00f3n de la oficina de Participaci\u00f3n Ciudadana\u00b4&#8221;<\/em>.<\/p>\n\n\n\n<p>Este mediod\u00eda, en di\u00e1logo con <strong>Arroyito Online<\/strong>, se expres\u00f3 al respecto el concejal Javier Novara.\nEl edil de la Mayor\u00eda explic\u00f3 que percibi\u00f3 este adicional en los meses de mayo\ny junio de este a\u00f1o, no as\u00ed en los anteriores, ya que solo en ese per\u00edodo\natendi\u00f3 en la oficina. Tambi\u00e9n aclar\u00f3 que tampoco lo cobrar\u00e1 en julio, ya que\nviajar\u00e1 y no podr\u00e1 brindar atenci\u00f3n en la dependencia. <\/p>\n\n\n\n<p>En este sentido dijo que solo aquellos concejales que asesoran a los vecinos \u2013ya sea en sus oficinas particulares como en la de Participaci\u00f3n Ciudadana- perciben este adicional de $2.500. Sumado a ello, manifest\u00f3 que Alejandra Dellavale, por principio, siempre estuvo en contra de cobrarlo y que, por eso, no realiza la atenci\u00f3n, al igual que Claudio Franceschi, que no lo hace por falta de tiempo. <\/p>\n\n\n\n<p>Novara tambi\u00e9n justific\u00f3 que los concejales pueden cobrar\nhasta el 50% de lo que gana el intendente pero que, durante el inicio del\nper\u00edodo 2011\u20132015, este porcentaje se redujo, fij\u00e1ndose en un 40%. <\/p>\n\n\n\n<p>Ante la pol\u00e9mica de que, durante 2019, solo hubo cinco sesiones ordinarias del cuerpo deliberativo, el radical asever\u00f3 que se re\u00fanen dos veces por semana, los lunes y los jueves, en reuniones de Comisi\u00f3n. <\/p>\n\n\n\n<p><strong>Oficina de\nParticipaci\u00f3n Ciudadana<\/strong><\/p>\n\n\n\n<p>Estos son los horarios de atenci\u00f3n:<\/p>\n\n\n\n<ul class=\"wp-block-list\"><li>Jes\u00fas\nBeigveder: <\/li><\/ul>\n\n\n\n<p>Martes, de 10:00 a 12:00 horas y jueves, de 18:00 a 20:00\nhoras<\/p>\n\n\n\n<ul class=\"wp-block-list\"><li>Gustavo\nBenedetti:<\/li><\/ul>\n\n\n\n<p>Martes, de 10:00 a 12:00 horas y jueves, de 18:00 a 20:00\nhoras<\/p>\n\n\n\n<ul class=\"wp-block-list\"><li>Carolina\nCiancia:<\/li><\/ul>\n\n\n\n<p>Mi\u00e9rcoles, de 16:00 a 18:00 horas<\/p>\n\n\n\n<ul class=\"wp-block-list\"><li>Marcelo\nFerrero:<\/li><\/ul>\n\n\n\n<p>Lunes y viernes, de 17:00 a 20:00 horas, en su oficina\n(Sarmiento 1203)<\/p>\n\n\n\n<ul class=\"wp-block-list\"><li>Wilson\nGenesio:<\/li><\/ul>\n\n\n\n<p>De lunes a viernes, de 8:00 a 12:00 y de 16:00 a 20:00, en su\noficina (Sarmiento 1178)<\/p>\n\n\n\n<ul class=\"wp-block-list\"><li>Juan\nJos\u00e9 Sileone:<\/li><\/ul>\n\n\n\n<p>Lunes, de 15:00 a 16:30 horas<\/p>\n\n\n\n<ul class=\"wp-block-list\"><li>Javier\nNovara:<\/li><\/ul>\n\n\n\n<p>Viernes, de 9:00 a 10:00 horas. <\/p>\n","protected":false},"excerpt":{"rendered":"<p>Ayer tom\u00f3 estado p\u00fablico la resoluci\u00f3n N\u00ba 5 del a\u00f1o 2019, a trav\u00e9s de la cual &#8220;los ediles del actual&hellip;<\/p>\n","protected":false},"author":3,"featured_media":4760,"comment_status":"closed","ping_status":"open","sticky":false,"template":"","format":"standard","meta":{"footnotes":""},"categories":[920],"tags":[66,67,836,891,226,227,572,1002,640],"class_list":["post-4755","post","type-post","status-publish","format-standard","has-post-thumbnail","hentry","category-concejo-deliberante-online","tag-arroyito","tag-arroyito-cordoba","tag-arroyito-online","tag-concejales","tag-concejo","tag-concejo-deliberante","tag-noticias-de-arroyito-y-zona","tag-novara","tag-politica"],"_links":{"self":[{"href":"https:\/\/arroyitoonline.com.ar\/index.php?rest_route=\/wp\/v2\/posts\/4755","targetHints":{"allow":["GET"]}}],"collection":[{"href":"https:\/\/arroyitoonline.com.ar\/index.php?rest_route=\/wp\/v2\/posts"}],"about":[{"href":"https:\/\/arroyitoonline.com.ar\/index.php?rest_route=\/wp\/v2\/types\/post"}],"author":[{"embeddable":true,"href":"https:\/\/arroyitoonline.com.ar\/index.php?rest_route=\/wp\/v2\/users\/3"}],"replies":[{"embeddable":true,"href":"https:\/\/arroyitoonline.com.ar\/index.php?rest_route=%2Fwp%2Fv2%2Fcomments&post=4755"}],"version-history":[{"count":1,"href":"https:\/\/arroyitoonline.com.ar\/index.php?rest_route=\/wp\/v2\/posts\/4755\/revisions"}],"predecessor-version":[{"id":4758,"href":"https:\/\/arroyitoonline.com.ar\/index.php?rest_route=\/wp\/v2\/posts\/4755\/revisions\/4758"}],"wp:featuredmedia":[{"embeddable":true,"href":"https:\/\/arroyitoonline.com.ar\/index.php?rest_route=\/wp\/v2\/media\/4760"}],"wp:attachment":[{"href":"https:\/\/arroyitoonline.com.ar\/index.php?rest_route=%2Fwp%2Fv2%2Fmedia&parent=4755"}],"wp:term":[{"taxonomy":"category","embeddable":true,"href":"https:\/\/arroyitoonline.com.ar\/index.php?rest_route=%2Fwp%2Fv2%2Fcategories&post=4755"},{"taxonomy":"post_tag","embeddable":true,"href":"https:\/\/arroyitoonline.com.ar\/index.php?rest_route=%2Fwp%2Fv2%2Ftags&post=4755"}],"curies":[{"name":"wp","href":"https:\/\/api.w.org\/{rel}","templated":true}]}}