{"id":4770,"date":"2019-07-21T15:20:11","date_gmt":"2019-07-21T15:20:11","guid":{"rendered":"https:\/\/arroyitoonline.com.ar\/?p=4770"},"modified":"2019-07-23T03:33:41","modified_gmt":"2019-07-23T03:33:41","slug":"el-fuertecito-la-posta-sanitaria-ya-es-el-centro-de-salud-santa-teresita","status":"publish","type":"post","link":"https:\/\/arroyitoonline.com.ar\/?p=4770","title":{"rendered":"El Fuertecito: la posta sanitaria ya es el Centro de Salud Santa Teresita"},"content":{"rendered":"\n<p><strong>El inmueble, que antes era compartido con un Anexo de la Biblioteca, fue refuncionalizado y modernizado para el uso exclusivo de la atenci\u00f3n primaria de la salud. <\/strong><\/p>\n\n\n\n<p>El mi\u00e9rcoles 17 de julio, el Municipio inaugur\u00f3 el Centro de Salud Santa Teresita, en El Fuertecito. En este lugar, que depende del Hospital Municipal Carlos J. Rodr\u00edguez, permite la desentralizaci\u00f3n de la atenci\u00f3n primaria de la salud, que incluye el control del embarazo en sus primeros meses y la vacunaci\u00f3n, entre otros servicios. <\/p>\n\n\n\n<p>Del acto participaron el intendente Mauricio Cravero, la viceintendente Graciela Tristany, el secretario de Obras P\u00fablicas Daniel Lafarina, el secretario de Hacienda y Finanzas V\u00edctor Dellarossa, la coordinadora de la oficina del Empleo Viviana Vercelli, la directora de Tr\u00e1nsito Cintia Bruera, la directora M\u00e9dica del Hospital M\u00f3nica Rodr\u00edguez, el m\u00e9dico pediatra Carlos Hernanz, el coordinador de Centros Vecinales Oscar Delfabro, concejales, personal sanitario, miembros del Centro Cultural del vecino paraje empleados municipales y un importante marco de vecinos.<\/p>\n\n\n\n<p><em>&#8220;Generar progreso es siempre una de las cosas que m\u00e1s gratificantes para una ciudad. Desde hace ya siete a\u00f1os nuestra ciudad y los parajes no han parado de generarlo a trav\u00e9s de obras de gobierno que mejoran de manera significativa la calidad de vida\u00a0de nuestros vecinos&#8221;<\/em>, se\u00f1alaron desde la actual gesti\u00f3n de Gobierno expresando, con una enorme satisfacci\u00f3n, que <em>&#8220;gracias a la contribuci\u00f3n de todos&#8221;<\/em>, convirti\u00f3 una posta de servicios b\u00e1sicos en un Centro de Salud, con construcci\u00f3n edilicia como lo demandan las normas sanitarias, un espacio exclusivo para que los vecinos sean atendidos de manera correcta, marcando la diferencia en la atenci\u00f3n y comodidad.<\/p>\n\n\n\n<p>En la oportunidad, y luego de que se entonaran las estrofas del Himno Nacional, habl\u00f3 la directora del Hospital. M\u00f3nica Rodr\u00edguez explic\u00f3 la transformaci\u00f3n del lugar y pidi\u00f3 un especial compromiso de los vecinos para con este nuevo espacio apelando a la conservaci\u00f3n de las nuevas instalaciones.<\/p>\n\n\n\n<p>Luego tom\u00f3 la palabra una emblem\u00e1tica vecina del paraje, \u00c1ngela \u201cLita\u201d Piovano y, a continuaci\u00f3n, el vicario de la Parroquia Nuestra Se\u00f1ora de la Merced, Marcelo Cereda, bendijo el Centro de Salud. <\/p>\n\n\n\n<p>Continuando con el desarrollo del acto, Lafarina destac\u00f3 la importante inversi\u00f3n que se realiz\u00f3, enumer\u00f3 las modificaciones edilicias y explic\u00f3 refuncionalizaci\u00f3n del espacio, para convertirlo en uno de moderna est\u00e9tica y equipado en su totalidad, listo para su funcionamiento.<\/p>\n\n\n\n<p>Sobre el final, Cravero destac\u00f3 que \u201cEste gobierno planifica y proyecta\u00a0 para\u00a0el bien de nuestros vecinos del paraje El Fuertecito\u201d.\u00a0Adem\u00e1s, el jefe municipal felicit\u00f3 el trabajo realizado por el equipo de gobierno en este nuevo espacio, expres\u00f3 la alegr\u00eda que le produce el mejoramiento de la calidad de la atenci\u00f3n sanitaria y concluy\u00f3 resaltando\u00a0las \u00faltimas obras que se realizaron: reutilizaci\u00f3n del espacio de la Terminal de \u00d3mnibus -que nunca tuvo habilitaci\u00f3n- y su gesti\u00f3n la convirti\u00f3 en un Centro Cultural; cord\u00f3n cuneta en las calles; incorporaci\u00f3n de maquinaria del corral\u00f3n para el mantenimiento de calles y espacios verdes; sector de juegos; islas deportivas; Punto Verde; ayudas constantes al\u00a0Jard\u00edn de Infantes, la Escuela Primaria y la Secundaria; instalaci\u00f3n de un Anexo de la Biblioteca Municipal y recuperaci\u00f3n del espacio donde\u00a0funcionar\u00e1 la Posta Policial,\u00a0cuando la Polic\u00eda de la Provincia de C\u00f3rdoba lo habilite. <\/p>\n\n\n\n<p>Concluidas las palabras del primer mandatario, autoridades, personal de salud y vecinos descubrieron la placa y protagonizaron el corte de cinta para que quedase inaugurado, de manera formal, el moderno Centro de Salud Santa Teresita.<\/p>\n\n\n\n<p>Fuente: Prensa Municipal. <\/p>\n","protected":false},"excerpt":{"rendered":"<p>El inmueble, que antes era compartido con un Anexo de la Biblioteca, fue refuncionalizado y modernizado para el uso exclusivo&hellip;<\/p>\n","protected":false},"author":3,"featured_media":4771,"comment_status":"closed","ping_status":"open","sticky":false,"template":"","format":"standard","meta":{"footnotes":""},"categories":[9],"tags":[66,67,836,1003,315,555,556,572,706],"class_list":["post-4770","post","type-post","status-publish","format-standard","has-post-thumbnail","hentry","category-infosalud","tag-arroyito","tag-arroyito-cordoba","tag-arroyito-online","tag-centro-de-salud-santa-teresita","tag-el-fuertecito","tag-municipalidad","tag-municipalidad-de-arroyito","tag-noticias-de-arroyito-y-zona","tag-salud"],"_links":{"self":[{"href":"https:\/\/arroyitoonline.com.ar\/index.php?rest_route=\/wp\/v2\/posts\/4770","targetHints":{"allow":["GET"]}}],"collection":[{"href":"https:\/\/arroyitoonline.com.ar\/index.php?rest_route=\/wp\/v2\/posts"}],"about":[{"href":"https:\/\/arroyitoonline.com.ar\/index.php?rest_route=\/wp\/v2\/types\/post"}],"author":[{"embeddable":true,"href":"https:\/\/arroyitoonline.com.ar\/index.php?rest_route=\/wp\/v2\/users\/3"}],"replies":[{"embeddable":true,"href":"https:\/\/arroyitoonline.com.ar\/index.php?rest_route=%2Fwp%2Fv2%2Fcomments&post=4770"}],"version-history":[{"count":2,"href":"https:\/\/arroyitoonline.com.ar\/index.php?rest_route=\/wp\/v2\/posts\/4770\/revisions"}],"predecessor-version":[{"id":4773,"href":"https:\/\/arroyitoonline.com.ar\/index.php?rest_route=\/wp\/v2\/posts\/4770\/revisions\/4773"}],"wp:featuredmedia":[{"embeddable":true,"href":"https:\/\/arroyitoonline.com.ar\/index.php?rest_route=\/wp\/v2\/media\/4771"}],"wp:attachment":[{"href":"https:\/\/arroyitoonline.com.ar\/index.php?rest_route=%2Fwp%2Fv2%2Fmedia&parent=4770"}],"wp:term":[{"taxonomy":"category","embeddable":true,"href":"https:\/\/arroyitoonline.com.ar\/index.php?rest_route=%2Fwp%2Fv2%2Fcategories&post=4770"},{"taxonomy":"post_tag","embeddable":true,"href":"https:\/\/arroyitoonline.com.ar\/index.php?rest_route=%2Fwp%2Fv2%2Ftags&post=4770"}],"curies":[{"name":"wp","href":"https:\/\/api.w.org\/{rel}","templated":true}]}}