{"id":4774,"date":"2019-07-23T12:47:17","date_gmt":"2019-07-23T12:47:17","guid":{"rendered":"https:\/\/arroyitoonline.com.ar\/?p=4774"},"modified":"2019-07-23T18:44:40","modified_gmt":"2019-07-23T18:44:40","slug":"cravero-mis-candidatos-son-y-seran-hasta-el-ultimo-daniel-y-viviana","status":"publish","type":"post","link":"https:\/\/arroyitoonline.com.ar\/?p=4774","title":{"rendered":"Cravero: \u201cMis candidatos son y ser\u00e1n, hasta el \u00faltimo, Daniel y Viviana\u201d"},"content":{"rendered":"\n<p><strong>En una reuni\u00f3n de\ncampa\u00f1a, el intendente reafirm\u00f3 su apoyo a la f\u00f3rmula oficialista y dijo que no\narregl\u00f3 con nadie, en referencia a los rumores de acuerdo con su antecesor. <\/strong><\/p>\n\n\n\n<p>Anoche, los precandidatos a intendente, Daniel Lafarina, y a\nvice, Viviana Vercelli, se juntaron con su equipo de campa\u00f1a, en una reuni\u00f3n\ndonde planificaron las pr\u00f3ximas acciones, expresaron las experiencias que viven\ncon los vecinos que visitan a diario y le dieron la bienvenida a quienes se\nsumaron en los \u00faltimos d\u00edas, al grupo que encabezan el ingeniero Civil y la\nlicenciada en Trabajo Social. <\/p>\n\n\n\n<p><em>\u201cCon Viviana y todo el\nequipo estamos felices de lo que se est\u00e1 generando en la ciudad, queremos\nescucharlos y saber las cosas que a\u00fan nos faltan. Estamos fuertes, convencidos\ny con muchas ganas de hacer cosas buenas por la ciudad. Vamos a comprometernos\ny a&nbsp; esmerarnos por ser los servidores p\u00fablicos\nque Arroyito se merece\u201d<\/em>, se\u00f1al\u00f3 Lafarina frente a todos los presentes. <\/p>\n\n\n\n<p>Pero, la gran particularidad de este encuentro, fue la asistencia de Mauricio Cravero, a quien hac\u00eda tiempo que no se lo ve\u00eda involucrado en la campa\u00f1a electoral. En esta oportunidad, y tras fuertes rumores de que el s\u00e1bado 20 se habr\u00eda realizado una encuesta para la medici\u00f3n de intenci\u00f3n de votos de los precandidatos radicales, el intendente volvi\u00f3 a mostrarse cerca de la f\u00f3rmula oficialista y les demostr\u00f3 su apoyo de manera p\u00fablica. Incluso fue uno de los oradores de la concentraci\u00f3n lafarinista. <\/p>\n\n\n\n<p>Adem\u00e1s, sobre el final de la concentraci\u00f3n, el jefe municipal le dijo a la militancia que <em>&#8220;mis candidatos son y ser\u00e1n hasta el \u00faltimo, Daniel y Viviana&#8221;<\/em>, y remarc\u00f3 que <em>\u201cyo no arregle con nadie, voy a estar ac\u00e1 al lado de ustedes, estamos fuertes, los vecinos me lo dicen todos los d\u00edas, voy a trabajar por la unidad siempre, pero que quede claro estos son mis candidatos y estamos en el mismo espacio pol\u00edtico\u201d<\/em>, disipando as\u00ed, rumores de acuerdo, sobre todo con su antecesor. <\/p>\n","protected":false},"excerpt":{"rendered":"<p>En una reuni\u00f3n de campa\u00f1a, el intendente reafirm\u00f3 su apoyo a la f\u00f3rmula oficialista y dijo que no arregl\u00f3 con&hellip;<\/p>\n","protected":false},"author":3,"featured_media":4775,"comment_status":"closed","ping_status":"open","sticky":false,"template":"","format":"standard","meta":{"footnotes":""},"categories":[8],"tags":[66,67,836,253,454,870,837,527,572,640,667,871],"class_list":["post-4774","post","type-post","status-publish","format-standard","has-post-thumbnail","hentry","category-politica","tag-arroyito","tag-arroyito-cordoba","tag-arroyito-online","tag-cravero","tag-intendente","tag-interna-radical","tag-lafarina","tag-mauricio-cravero","tag-noticias-de-arroyito-y-zona","tag-politica","tag-radical","tag-radicalismo"],"_links":{"self":[{"href":"https:\/\/arroyitoonline.com.ar\/index.php?rest_route=\/wp\/v2\/posts\/4774","targetHints":{"allow":["GET"]}}],"collection":[{"href":"https:\/\/arroyitoonline.com.ar\/index.php?rest_route=\/wp\/v2\/posts"}],"about":[{"href":"https:\/\/arroyitoonline.com.ar\/index.php?rest_route=\/wp\/v2\/types\/post"}],"author":[{"embeddable":true,"href":"https:\/\/arroyitoonline.com.ar\/index.php?rest_route=\/wp\/v2\/users\/3"}],"replies":[{"embeddable":true,"href":"https:\/\/arroyitoonline.com.ar\/index.php?rest_route=%2Fwp%2Fv2%2Fcomments&post=4774"}],"version-history":[{"count":3,"href":"https:\/\/arroyitoonline.com.ar\/index.php?rest_route=\/wp\/v2\/posts\/4774\/revisions"}],"predecessor-version":[{"id":4785,"href":"https:\/\/arroyitoonline.com.ar\/index.php?rest_route=\/wp\/v2\/posts\/4774\/revisions\/4785"}],"wp:featuredmedia":[{"embeddable":true,"href":"https:\/\/arroyitoonline.com.ar\/index.php?rest_route=\/wp\/v2\/media\/4775"}],"wp:attachment":[{"href":"https:\/\/arroyitoonline.com.ar\/index.php?rest_route=%2Fwp%2Fv2%2Fmedia&parent=4774"}],"wp:term":[{"taxonomy":"category","embeddable":true,"href":"https:\/\/arroyitoonline.com.ar\/index.php?rest_route=%2Fwp%2Fv2%2Fcategories&post=4774"},{"taxonomy":"post_tag","embeddable":true,"href":"https:\/\/arroyitoonline.com.ar\/index.php?rest_route=%2Fwp%2Fv2%2Ftags&post=4774"}],"curies":[{"name":"wp","href":"https:\/\/api.w.org\/{rel}","templated":true}]}}