{"id":4778,"date":"2019-07-23T18:36:06","date_gmt":"2019-07-23T18:36:06","guid":{"rendered":"https:\/\/arroyitoonline.com.ar\/?p=4778"},"modified":"2019-07-23T18:37:48","modified_gmt":"2019-07-23T18:37:48","slug":"abriendo-telones-despues-de-la-bicho-llega-la-herencia","status":"publish","type":"post","link":"https:\/\/arroyitoonline.com.ar\/?p=4778","title":{"rendered":"Abriendo Telones: despu\u00e9s de La Bicho, llega La Herencia"},"content":{"rendered":"\n<p><strong>Luego del show de La Bicho &#8220;Secretos de una Fem Feroz&#8221;, llega una obra de teatro de primer nivel, con figuras de renombre nacional.<\/strong><\/p>\n\n\n\n<p>Con el fin de que se promueva la actividad teatral y comiencen a abrirse las puertas al arte esc\u00e9nico, el Taller de Teatro de la Casa de la Cultura dirigido por la profesora Ayel\u00e9n Juan, comenz\u00f3 con el Proyecto Abriendo Telones. Se trata de un ciclo de obras y espect\u00e1culos, que se inici\u00f3 con la presentaci\u00f3n de La Bicho, a trav\u00e9s de su show \u201cSecretos de una Fem Feroz\u201d, el domingo 7 de julio. <br><\/p>\n\n\n\n<figure class=\"wp-block-image\"><img loading=\"lazy\" decoding=\"async\" width=\"960\" height=\"979\" src=\"https:\/\/arroyitoonline.com.ar\/wp-content\/uploads\/2019\/07\/flyer-obra-la-herencia.jpg\" alt=\"\" class=\"wp-image-4782\" srcset=\"https:\/\/arroyitoonline.com.ar\/wp-content\/uploads\/2019\/07\/flyer-obra-la-herencia.jpg 960w, https:\/\/arroyitoonline.com.ar\/wp-content\/uploads\/2019\/07\/flyer-obra-la-herencia-294x300.jpg 294w, https:\/\/arroyitoonline.com.ar\/wp-content\/uploads\/2019\/07\/flyer-obra-la-herencia-768x783.jpg 768w\" sizes=\"auto, (max-width: 960px) 100vw, 960px\" \/><figcaption><em>La invitaci\u00f3n al evento<\/em><\/figcaption><\/figure>\n\n\n\n<p>En esta segunda entrega llega una obra de primer nivel.\u00a0<strong>La Herencia,<\/strong>\u00a0de Andrea Bauab, cuenta con un elenco que trae figuras de renombre nacional como son Flavia Vitale, Gustavo Rey, Laredna Stilman y Marcelo Serre.\u00a0<\/p>\n\n\n\n<p>La obra se presentar\u00e1 este\u00a0domingo 4 de agosto a las 21:15 horas,\u00a0en\u00a0el\u00a0Teatrillo\u00a0Municipal\u00a0Jos\u00e9\u00a0Francisco\u00a0Guarch.\u00a0Las entradas anticipadas tienen un precio de $150 y pueden adquirirse en la Casa de la Cultura. En puerta costar\u00e1n $200.<\/p>\n\n\n\n<p>Foto: Pensador Teatral<\/p>\n","protected":false},"excerpt":{"rendered":"<p>Luego del show de La Bicho &#8220;Secretos de una Fem Feroz&#8221;, llega una obra de teatro de primer nivel, con&hellip;<\/p>\n","protected":false},"author":3,"featured_media":4779,"comment_status":"closed","ping_status":"open","sticky":false,"template":"","format":"standard","meta":{"footnotes":""},"categories":[2],"tags":[1004,66,67,836,158,259,864,572,660,755,756],"class_list":["post-4778","post","type-post","status-publish","format-standard","has-post-thumbnail","hentry","category-cultura-y-espectaculos","tag-abriendo-telones","tag-arroyito","tag-arroyito-cordoba","tag-arroyito-online","tag-casa-de-la-cultura","tag-cultura","tag-cultura-y-espectaculos-online","tag-noticias-de-arroyito-y-zona","tag-proyecto","tag-teatrillo","tag-teatro"],"_links":{"self":[{"href":"https:\/\/arroyitoonline.com.ar\/index.php?rest_route=\/wp\/v2\/posts\/4778","targetHints":{"allow":["GET"]}}],"collection":[{"href":"https:\/\/arroyitoonline.com.ar\/index.php?rest_route=\/wp\/v2\/posts"}],"about":[{"href":"https:\/\/arroyitoonline.com.ar\/index.php?rest_route=\/wp\/v2\/types\/post"}],"author":[{"embeddable":true,"href":"https:\/\/arroyitoonline.com.ar\/index.php?rest_route=\/wp\/v2\/users\/3"}],"replies":[{"embeddable":true,"href":"https:\/\/arroyitoonline.com.ar\/index.php?rest_route=%2Fwp%2Fv2%2Fcomments&post=4778"}],"version-history":[{"count":3,"href":"https:\/\/arroyitoonline.com.ar\/index.php?rest_route=\/wp\/v2\/posts\/4778\/revisions"}],"predecessor-version":[{"id":4784,"href":"https:\/\/arroyitoonline.com.ar\/index.php?rest_route=\/wp\/v2\/posts\/4778\/revisions\/4784"}],"wp:featuredmedia":[{"embeddable":true,"href":"https:\/\/arroyitoonline.com.ar\/index.php?rest_route=\/wp\/v2\/media\/4779"}],"wp:attachment":[{"href":"https:\/\/arroyitoonline.com.ar\/index.php?rest_route=%2Fwp%2Fv2%2Fmedia&parent=4778"}],"wp:term":[{"taxonomy":"category","embeddable":true,"href":"https:\/\/arroyitoonline.com.ar\/index.php?rest_route=%2Fwp%2Fv2%2Fcategories&post=4778"},{"taxonomy":"post_tag","embeddable":true,"href":"https:\/\/arroyitoonline.com.ar\/index.php?rest_route=%2Fwp%2Fv2%2Ftags&post=4778"}],"curies":[{"name":"wp","href":"https:\/\/api.w.org\/{rel}","templated":true}]}}