{"id":4786,"date":"2019-07-23T19:11:07","date_gmt":"2019-07-23T19:11:07","guid":{"rendered":"https:\/\/arroyitoonline.com.ar\/?p=4786"},"modified":"2019-07-23T19:15:19","modified_gmt":"2019-07-23T19:15:19","slug":"natacion-adaptada-elizabeth-noriega-de-seleccion","status":"publish","type":"post","link":"https:\/\/arroyitoonline.com.ar\/?p=4786","title":{"rendered":"Nataci\u00f3n Adaptada: Elizabeth Noriega, de Selecci\u00f3n"},"content":{"rendered":"\n<p><strong>La joven atleta de Arroyito con par\u00e1lisis cerebral formar\u00e1 parte de la delegaci\u00f3n argentina de Nataci\u00f3n Paral\u00edmpica, que ir\u00e1 a los Juegos Parapanamericanos Lima 2019.<\/strong><\/p>\n\n\n\n<p>La joven nadadora de nuestra ciudad, Elizabeth Noriega, formar\u00e1 parte de la delegaci\u00f3n Argentina de Nataci\u00f3n Paral\u00edmpica&nbsp;que nos representara en los Juegos Parapanamericanos&nbsp;Lima 2019, que se desarrollar\u00e1n desde el 23 de agosto hasta el 1 de septiembre de 2019 en la capital peruana.<\/p>\n\n\n\n<p><strong>La historia de Eli<\/strong><\/p>\n\n\n\n<p>Sus comienzos en la nataci\u00f3n&nbsp;fueron desde muy temprana edad ya que, debido a su par\u00e1lisis cerebral, se le recomendaba que practicara este deporte, como forma de rehabilitaci\u00f3n. Pero, jam\u00e1s se imagin\u00f3 que aquello se transformar\u00eda&nbsp;en parte esencial de&nbsp;su vida.<\/p>\n\n\n\n<p>En el a\u00f1o 2012, a sus 25 a\u00f1os, cuando estaba residiendo en la ciudad de&nbsp; Ushuaia (Tierra del Fuego), un profe&nbsp;de la instituci\u00f3n a la que ella asist\u00eda la observ\u00f3 cuando nadaba y le pregunt\u00f3 si hab\u00eda competido alguna vez, a lo que ella contesto <em>&#8220;\u00bfC\u00f3mo voy a poder competir, si no puedo mover las piernas cuando nado?&#8221;.&nbsp;<\/em>\u00c9l, con una sonrisa le manifest\u00f3 que <em>&#8220;por supuesto que pod\u00e9s competir, para ello existe la nataci\u00f3n adaptada&#8221;<\/em>. Y, desde ese momento, se&nbsp;abrieron las puertas a un nuevo mundo para ella.<\/p>\n\n\n\n<p>En 2013 ingres\u00f3 a la Federaci\u00f3n Argentina de Deportistas con Par\u00e1lisis Cerebral&nbsp;(Fadepac) como nadadora federada Nacional.<\/p>\n\n\n\n<p>En 2014 tuvo su primera experiencia&nbsp;internacional&nbsp;en el Open Medell\u00edn (Colombia).&nbsp;<\/p>\n\n\n\n<p>2015 fue tiempo de su primer Juego Panamericano, en Toronto (Canad\u00e1), obteniendo el s\u00e9ptimo lugar en la final de los 100 metros espalda.<\/p>\n\n\n\n<p>En la actualidad, Elizabeth representa la provincia de C\u00f3rdoba, a nivel nacional, con el equipo de Nataci\u00f3n Adaptada de la Agencia C\u00f3rdoba Deportes&nbsp;y, en el \u00e1mbito internacional, a trav\u00e9s de la Selecci\u00f3n&nbsp;Argentina de Nataci\u00f3n.<\/p>\n\n\n\n<p>Ella entrena seis veces por semana, dos horas por d\u00eda, en pileta y tres veces por semana en gimnasio. Lo cual le implica un gran esfuerzo ya que, a su vez, debe dividirse entre C\u00f3rdoba y Arroyito para la realizaci\u00f3n de sus entrenamientos, viajando as\u00ed&nbsp;dos veces por semana a la capital provincial concretando sus entrenamientos en la pileta del Kempes. Adem\u00e1s, all\u00ed se encuentra su entrenadora Constanza&nbsp;Quellet, quien a diario prepara sus planes de entrenamiento y va haciendo todo un seguimiento de su proceso y su evoluci\u00f3n.<\/p>\n\n\n\n<p>Los cuatro d\u00edas restantes, Eli entrena en la pileta del Club Deportivo y Cultural Arroyito concretando la parte de gym en Deporte y Salud, bajo el seguimiento de Dami\u00e1n Mocci.<\/p>\n\n\n\n<p>El director de Deportes del Municipio, Gustavo Pecchio, tuvo la oportunidad de visitarla, charlar e interiorizarse de sus actividades. <em>&#8220;Eli es un ser maravilloso, es un ejemplo puro y claro de superaci\u00f3n, perseverancia y sacrificio&#8221;<\/em>, remarcaron desde el \u00e1rea.  <\/p>\n\n\n\n<p>Por su parte, el intendente Mauricio Cravero, salud\u00f3 y felicit\u00f3 a Eli, a sus familiares, y a todas las personas que hacen posible su presente. <em>\u201cEs un orgullo enorme, como arroyitense, que Eli nos represente. Estaremos pendientes de su participaci\u00f3n pero, para nosotros, ella ya gan\u00f3\u201d<\/em>, remarc\u00f3 el primer mandatario local que tambi\u00e9n le dese\u00f3 suerte en esta nueva oportunidad. <\/p>\n\n\n\n<p>Fuente: Prensa Municipal.<\/p>\n","protected":false},"excerpt":{"rendered":"<p>La joven atleta de Arroyito con par\u00e1lisis cerebral formar\u00e1 parte de la delegaci\u00f3n argentina de Nataci\u00f3n Paral\u00edmpica, que ir\u00e1 a&hellip;<\/p>\n","protected":false},"author":3,"featured_media":4787,"comment_status":"closed","ping_status":"open","sticky":false,"template":"","format":"standard","meta":{"footnotes":""},"categories":[3],"tags":[66,67,836,276,277,566,572],"class_list":["post-4786","post","type-post","status-publish","format-standard","has-post-thumbnail","hentry","category-infodeporte","tag-arroyito","tag-arroyito-cordoba","tag-arroyito-online","tag-deporte","tag-deportes","tag-natacion","tag-noticias-de-arroyito-y-zona"],"_links":{"self":[{"href":"https:\/\/arroyitoonline.com.ar\/index.php?rest_route=\/wp\/v2\/posts\/4786","targetHints":{"allow":["GET"]}}],"collection":[{"href":"https:\/\/arroyitoonline.com.ar\/index.php?rest_route=\/wp\/v2\/posts"}],"about":[{"href":"https:\/\/arroyitoonline.com.ar\/index.php?rest_route=\/wp\/v2\/types\/post"}],"author":[{"embeddable":true,"href":"https:\/\/arroyitoonline.com.ar\/index.php?rest_route=\/wp\/v2\/users\/3"}],"replies":[{"embeddable":true,"href":"https:\/\/arroyitoonline.com.ar\/index.php?rest_route=%2Fwp%2Fv2%2Fcomments&post=4786"}],"version-history":[{"count":3,"href":"https:\/\/arroyitoonline.com.ar\/index.php?rest_route=\/wp\/v2\/posts\/4786\/revisions"}],"predecessor-version":[{"id":4791,"href":"https:\/\/arroyitoonline.com.ar\/index.php?rest_route=\/wp\/v2\/posts\/4786\/revisions\/4791"}],"wp:featuredmedia":[{"embeddable":true,"href":"https:\/\/arroyitoonline.com.ar\/index.php?rest_route=\/wp\/v2\/media\/4787"}],"wp:attachment":[{"href":"https:\/\/arroyitoonline.com.ar\/index.php?rest_route=%2Fwp%2Fv2%2Fmedia&parent=4786"}],"wp:term":[{"taxonomy":"category","embeddable":true,"href":"https:\/\/arroyitoonline.com.ar\/index.php?rest_route=%2Fwp%2Fv2%2Fcategories&post=4786"},{"taxonomy":"post_tag","embeddable":true,"href":"https:\/\/arroyitoonline.com.ar\/index.php?rest_route=%2Fwp%2Fv2%2Ftags&post=4786"}],"curies":[{"name":"wp","href":"https:\/\/api.w.org\/{rel}","templated":true}]}}