{"id":4792,"date":"2019-07-23T20:07:58","date_gmt":"2019-07-23T20:07:58","guid":{"rendered":"https:\/\/arroyitoonline.com.ar\/?p=4792"},"modified":"2019-07-23T20:13:14","modified_gmt":"2019-07-23T20:13:14","slug":"manana-viene-macri-a-arroyito","status":"publish","type":"post","link":"https:\/\/arroyitoonline.com.ar\/?p=4792","title":{"rendered":"Ma\u00f1ana viene Macri a Arroyito"},"content":{"rendered":"\n<p><strong>La \u00faltima vez que el presidente visit\u00f3 la Dulce Ciudad fue en septiembre de 2015, cuando a\u00fan era jefe de Gobierno de CABA. <\/strong><\/p>\n\n\n\n<p>Ma\u00f1ana a las 13:15 horas, el presidente de la Naci\u00f3n y precandidato a la reelecci\u00f3n, Mauricio Macri, se reunir\u00e1 con 40 empresarios del sector productivo de San Francisco y San Justo, en el play\u00f3n de una firma que realiza l\u00edneas de producci\u00f3n para la industria en general, radicada en el Parque Industrial de la capital departamental.<\/p>\n\n\n\n<p>Las empresas invitadas fueron seleccionadas de manera previa, por referentes locales y del Ministerio de Producci\u00f3n de la Naci\u00f3n. Asistir\u00e1n al evento, PyMEs l\u00e1cteas, industria del agro, tecnolog\u00eda, frigor\u00edfica, etc. <\/p>\n\n\n\n<p>El recorrido del l\u00edder de Juntos Por el Cambio continuar\u00e1 y finalizar\u00e1 en Arroyito, donde protagonizar\u00e1 un encuentro en proximidades al obrador de la autopista ruta nacional 19. <\/p>\n\n\n\n<p>All\u00ed, Macri se reunir\u00e1 con los precandidatos a diputados nacionales, autoridades, intendentes y dirigentes del departamento, entre los que se encuentra Muricio Cravero.<\/p>\n\n\n\n<p><strong>Macri tambi\u00e9n vino en 2015<\/strong><\/p>\n\n\n\n<p>La \u00faltima vez que el ingeniero estuvo en la Dulce Ciudad fue el 9 de septiembre de 2015, cuando todav\u00eda no era presidente, sino jefe de Gobierno de la Ciudad Aut\u00f3noma de Buenos Aires.<\/p>\n\n\n\n<p>Lo hizo en una visita de car\u00e1cter protocolar, no solo al Municipio, sino tambi\u00e9n a la empresa Arcor, donde dialog\u00f3 con gerentes y operarios. La foto que ilustra esta noticia, que fue tomada por Leandro Pati\u00f1o Olmos, data de aquel entonces. <\/p>\n","protected":false},"excerpt":{"rendered":"<p>La \u00faltima vez que el presidente visit\u00f3 la Dulce Ciudad fue en septiembre de 2015, cuando a\u00fan era jefe de&hellip;<\/p>\n","protected":false},"author":3,"featured_media":4793,"comment_status":"closed","ping_status":"open","sticky":false,"template":"","format":"standard","meta":{"footnotes":""},"categories":[8],"tags":[66,67,836,979,253,511,527,572,640,698,701,710],"class_list":["post-4792","post","type-post","status-publish","format-standard","has-post-thumbnail","hentry","category-politica","tag-arroyito","tag-arroyito-cordoba","tag-arroyito-online","tag-autopista-ruta-19","tag-cravero","tag-macri","tag-mauricio-cravero","tag-noticias-de-arroyito-y-zona","tag-politica","tag-ruta-19","tag-ruta-nacional-n-19","tag-san-francisco"],"_links":{"self":[{"href":"https:\/\/arroyitoonline.com.ar\/index.php?rest_route=\/wp\/v2\/posts\/4792","targetHints":{"allow":["GET"]}}],"collection":[{"href":"https:\/\/arroyitoonline.com.ar\/index.php?rest_route=\/wp\/v2\/posts"}],"about":[{"href":"https:\/\/arroyitoonline.com.ar\/index.php?rest_route=\/wp\/v2\/types\/post"}],"author":[{"embeddable":true,"href":"https:\/\/arroyitoonline.com.ar\/index.php?rest_route=\/wp\/v2\/users\/3"}],"replies":[{"embeddable":true,"href":"https:\/\/arroyitoonline.com.ar\/index.php?rest_route=%2Fwp%2Fv2%2Fcomments&post=4792"}],"version-history":[{"count":3,"href":"https:\/\/arroyitoonline.com.ar\/index.php?rest_route=\/wp\/v2\/posts\/4792\/revisions"}],"predecessor-version":[{"id":4797,"href":"https:\/\/arroyitoonline.com.ar\/index.php?rest_route=\/wp\/v2\/posts\/4792\/revisions\/4797"}],"wp:featuredmedia":[{"embeddable":true,"href":"https:\/\/arroyitoonline.com.ar\/index.php?rest_route=\/wp\/v2\/media\/4793"}],"wp:attachment":[{"href":"https:\/\/arroyitoonline.com.ar\/index.php?rest_route=%2Fwp%2Fv2%2Fmedia&parent=4792"}],"wp:term":[{"taxonomy":"category","embeddable":true,"href":"https:\/\/arroyitoonline.com.ar\/index.php?rest_route=%2Fwp%2Fv2%2Fcategories&post=4792"},{"taxonomy":"post_tag","embeddable":true,"href":"https:\/\/arroyitoonline.com.ar\/index.php?rest_route=%2Fwp%2Fv2%2Ftags&post=4792"}],"curies":[{"name":"wp","href":"https:\/\/api.w.org\/{rel}","templated":true}]}}