{"id":4817,"date":"2019-07-26T03:38:49","date_gmt":"2019-07-26T03:38:49","guid":{"rendered":"https:\/\/arroyitoonline.com.ar\/?p=4817"},"modified":"2019-07-26T03:42:17","modified_gmt":"2019-07-26T03:42:17","slug":"la-opinion-de-una-colega-el-dia-que-los-periodistas-nos-sentimos-como-vacas-en-el-corral","status":"publish","type":"post","link":"https:\/\/arroyitoonline.com.ar\/?p=4817","title":{"rendered":"La opini\u00f3n de una colega: El d\u00eda que los periodistas nos sentimos \u201ccomo vacas en el corral\u201d"},"content":{"rendered":"\n<h5 class=\"wp-block-heading\"><em>&#8220;\u00bfPor qu\u00e9 los pol\u00edticos se reh\u00fasan a hablar con la prensa? \u00bfA qu\u00e9 preguntas le temen?&#8221;<\/em>, interroga en su editorial Marisa Macagno, de El Diario del Pueblo y V\u00eda R\u00edo Primero. Nosotros adherimos a sus palabras. <\/h5>\n\n\n\n<p>La visita del presidente&nbsp;<strong>Mauricio Macri&nbsp;<\/strong>a la ciudad de&nbsp;<strong>Arroyito<\/strong>, dej\u00f3&nbsp;<strong>un sabor amargo a los profesionales de la comunicaci\u00f3n.&nbsp;<\/strong>Convocados para las 15.30,&nbsp;<strong>una hora y media antes del arribo del primer mandatario,&nbsp;<\/strong>apostados en&nbsp;medio de la obra de la&nbsp;<strong>Autopista 19<\/strong>, a la intemperie en una jornada de intenso fr\u00edo, y ubicados en lo que ser\u00eda&nbsp;<strong>\u201cel corral de la prensa\u201d<\/strong>, <strong>ofusc\u00f3 a los periodistas.<\/strong><\/p>\n\n\n\n<div class=\"wp-block-image\"><figure class=\"aligncenter\"><img decoding=\"async\" src=\"https:\/\/viapais.com.ar\/files\/2019\/07\/20190725232936_38573582_0_body.jpg\" alt=\"Macri en Arroyito\"\/><figcaption><em>El denominado por nuestra colega &#8220;corral de la prensa&#8221;<\/em><\/figcaption><\/figure><\/div>\n\n\n\n<p>Todos \u00e9ramos de&nbsp;<strong>medios peque\u00f1os del interior del interior<\/strong>, pero tambi\u00e9n estaban los corresponsales de<strong>&nbsp;La Voz, Cadena 3 y Canal Doce<\/strong>. El trato fue igual para todos,&nbsp;<strong>eso por lo menos sirvi\u00f3 de consuelo.<\/strong><\/p>\n\n\n\n<div class=\"wp-block-image\"><figure class=\"aligncenter\"><img decoding=\"async\" src=\"https:\/\/viapais.com.ar\/files\/2019\/07\/20190725232937_38573581_0_body.jpg\" alt=\"Macri en Arroyito\"\/><figcaption><em>300 invitados se interpusieron entre los medios y el presidente<\/em><\/figcaption><\/figure><\/div>\n\n\n\n<p><strong>Con un doble vallado imposible de traspasar,<\/strong>&nbsp;y ubicados detr\u00e1s de las autoridades y el p\u00fablico selectivamente invitado, al llegar el presidente<strong>&nbsp;todos se volvieron cholulos,<\/strong>&nbsp;sacaron sus celulares, y<strong>&nbsp;la prensa qued\u00f3 tapada por los nuevos comunicadores<\/strong>&nbsp;quienes vali\u00e9ndose de las tecnolog\u00edas, realizaron transmisiones en directo, pudieron tomar fotos y tambi\u00e9n<strong>&nbsp;opacar la labor de quienes nos preparamos para informar.<\/strong><\/p>\n\n\n\n<div class=\"wp-block-image\"><figure class=\"aligncenter\"><img decoding=\"async\" src=\"https:\/\/viapais.com.ar\/files\/2019\/07\/20190725232938_38573577_0_body-768x512.jpg\" alt=\"Macri en Arroyito\"\/><\/figure><\/div>\n\n\n\n<p><strong>El presidente no tuvo ni una sola consideraci\u00f3n por la prensa.<\/strong>&nbsp;Dos c\u00e1maras oficiales tuvieron el privilegio de estar justo frente a Macri, lo que termin\u00f3 con toda peque\u00f1a esperanza de poder obtener una imagen de calidad para poder brindarles a nuestros lectores;&nbsp;<strong>adem\u00e1s de estar ubicados a m\u00e1s de 100 metros de la figura presidencial.<\/strong><\/p>\n\n\n\n<div class=\"wp-block-image\"><figure class=\"aligncenter\"><img decoding=\"async\" src=\"https:\/\/viapais.com.ar\/files\/2019\/07\/20190725232940_38573580_0_body.jpg\" alt=\"Macri en Arroyito\"\/><figcaption><em>Otra imagen del corral de la prensa, desde donde es result\u00f3 imposible tomar alguna imagen n\u00edtida de Macri<\/em><\/figcaption><\/figure><\/div>\n\n\n\n<p>Luego se retir\u00f3 por el primero de los tres corredores realizados con vallas,&nbsp;<strong>haciendo imposible cualquier tipo de contacto con la prensa.&nbsp;<\/strong>Al final de su corto discurso, se sac\u00f3 fotos con los simpatizantes y pol\u00edticos de su entorno, y <strong>los periodistas empezamos a mirarnos con algo de enojo<\/strong>.<strong>&nbsp;\u00bfPara qu\u00e9 se nos convoca si ni siquiera se nos permite contar con las condiciones m\u00ednimas adecuadas para realizar nuestro trabajo?<\/strong><\/p>\n\n\n\n<p><strong>\u00bfPor qu\u00e9 ese desprecio por la labor period\u00edstica? \u00bfA qu\u00e9 preguntas le temen los pol\u00edticos?&nbsp;<\/strong>Para los medios del interior del interior, tener la posibilidad de estar ante un presidente, no es algo irrelevante, sea del partido pol\u00edtico que sea. Se trata de la m\u00e1xima autoridad nacional y&nbsp;<strong>tenemos preguntas para hacerle.<\/strong><\/p>\n\n\n\n<div class=\"wp-block-image\"><figure class=\"aligncenter\"><img decoding=\"async\" src=\"https:\/\/viapais.com.ar\/files\/2019\/07\/20190725232941_38573578_0_body.jpg\" alt=\"Macri en Arroyito\"\/><\/figure><\/div>\n\n\n\n<p>Pero claro que no es el \u00fanico que se comporta de esta manera. Los ejemplos sobran. La actividad period\u00edstica sigue siendo coartada, censurada, menospreciada, amenazada.&nbsp;<strong>Y ahora encerrados en en el espacio delimitado por un doble vallado, fue imposible no sentirnos como vacas en el corral.<\/strong><\/p>\n\n\n\n<p>Fuente: Marisa Macagno, para El Diario del Pueblo y V\u00eda R\u00edo Primero.<\/p>\n","protected":false},"excerpt":{"rendered":"<p>&#8220;\u00bfPor qu\u00e9 los pol\u00edticos se reh\u00fasan a hablar con la prensa? \u00bfA qu\u00e9 preguntas le temen?&#8221;, interroga en su editorial&hellip;<\/p>\n","protected":false},"author":3,"featured_media":4818,"comment_status":"closed","ping_status":"open","sticky":false,"template":"","format":"standard","meta":{"footnotes":""},"categories":[8],"tags":[66,67,836,511,572,640],"class_list":["post-4817","post","type-post","status-publish","format-standard","has-post-thumbnail","hentry","category-politica","tag-arroyito","tag-arroyito-cordoba","tag-arroyito-online","tag-macri","tag-noticias-de-arroyito-y-zona","tag-politica"],"_links":{"self":[{"href":"https:\/\/arroyitoonline.com.ar\/index.php?rest_route=\/wp\/v2\/posts\/4817","targetHints":{"allow":["GET"]}}],"collection":[{"href":"https:\/\/arroyitoonline.com.ar\/index.php?rest_route=\/wp\/v2\/posts"}],"about":[{"href":"https:\/\/arroyitoonline.com.ar\/index.php?rest_route=\/wp\/v2\/types\/post"}],"author":[{"embeddable":true,"href":"https:\/\/arroyitoonline.com.ar\/index.php?rest_route=\/wp\/v2\/users\/3"}],"replies":[{"embeddable":true,"href":"https:\/\/arroyitoonline.com.ar\/index.php?rest_route=%2Fwp%2Fv2%2Fcomments&post=4817"}],"version-history":[{"count":3,"href":"https:\/\/arroyitoonline.com.ar\/index.php?rest_route=\/wp\/v2\/posts\/4817\/revisions"}],"predecessor-version":[{"id":4821,"href":"https:\/\/arroyitoonline.com.ar\/index.php?rest_route=\/wp\/v2\/posts\/4817\/revisions\/4821"}],"wp:featuredmedia":[{"embeddable":true,"href":"https:\/\/arroyitoonline.com.ar\/index.php?rest_route=\/wp\/v2\/media\/4818"}],"wp:attachment":[{"href":"https:\/\/arroyitoonline.com.ar\/index.php?rest_route=%2Fwp%2Fv2%2Fmedia&parent=4817"}],"wp:term":[{"taxonomy":"category","embeddable":true,"href":"https:\/\/arroyitoonline.com.ar\/index.php?rest_route=%2Fwp%2Fv2%2Fcategories&post=4817"},{"taxonomy":"post_tag","embeddable":true,"href":"https:\/\/arroyitoonline.com.ar\/index.php?rest_route=%2Fwp%2Fv2%2Ftags&post=4817"}],"curies":[{"name":"wp","href":"https:\/\/api.w.org\/{rel}","templated":true}]}}