{"id":4823,"date":"2019-07-26T13:44:25","date_gmt":"2019-07-26T13:44:25","guid":{"rendered":"https:\/\/arroyitoonline.com.ar\/?p=4823"},"modified":"2019-07-26T13:45:34","modified_gmt":"2019-07-26T13:45:34","slug":"dia-de-los-abuelos-pablo-fernandez-grabo-zamba-para-mi-abuela-junto-a-sus-hermanos-y-su-hija","status":"publish","type":"post","link":"https:\/\/arroyitoonline.com.ar\/?p=4823","title":{"rendered":"D\u00eda de los Abuelos: Pablo Fern\u00e1ndez grab\u00f3 Zamba para mi abuela, junto a sus hermanos y su hija"},"content":{"rendered":"\n<p><strong>El m\u00fasico de Arroyito\ncontin\u00faa con la recuperaci\u00f3n de su salud y, en paralelo, grab\u00f3 esta producci\u00f3n\nratificando su profunda fe cat\u00f3lica.<\/strong><\/p>\n\n\n\n<p>El martes 23 de julio, el m\u00fasico de Arroyito Pablo Fern\u00e1ndez\ngrab\u00f3 la Zamba para mi abuela, en el marco del D\u00eda de los Abuelos que se\ncelebra cada 26 de julio, en honor a los padres de la Virgen Mar\u00eda, Ana y\nJoaqu\u00edn, abuelos de Jes\u00fas.<\/p>\n\n\n\n<p>Para esta producci\u00f3n, y ratificando su profunda fe cat\u00f3lica, el\ncantante de R\u00edo Sagrado y Tierra Nueva cont\u00f3 con la colaboraci\u00f3n de su hija\nMorena y de sus hermanos, Marcelo y padre Sergio.<\/p>\n\n\n\n<p><em>\u201cDevolvi\u00e9ndole a la vida lo que me ella me regal\u00f3. El don de la m\u00fasica. En este caso cant\u00e1ndole a mi abuela, una linda zamba, junto a sus nietos y bisnietos. Gracias, gracias Dios, por poder vivir este momento. Seguimos unidos en la oraci\u00f3n a Dios, siempre\u201d<\/em>, escribi\u00f3 Pablo en sus redes sociales. <\/p>\n\n\n\n<figure><iframe loading=\"lazy\" src=\"https:\/\/www.facebook.com\/plugins\/post.php?href=https%3A%2F%2Fwww.facebook.com%2Fpablo.fernandez.musico%2Fposts%2F10215799785692033&amp;width=500\" width=\"500\" height=\"776\"><\/iframe><\/figure>\n\n\n\n<p>La inspiraci\u00f3n para este tema ha sido una persona especial en\nla vida de Pablo, su abuela. Para sus nietos, la Tata, la t\u00eda Mariana para\notros y Do\u00f1a Mari para muchos del barrio. Ella, sin dudas, ha tocado la vida de\ntantas personas que escuchar\u00e1n esta canci\u00f3n.<\/p>\n\n\n\n<figure class=\"wp-block-image\"><img loading=\"lazy\" decoding=\"async\" width=\"1024\" height=\"819\" src=\"https:\/\/arroyitoonline.com.ar\/wp-content\/uploads\/2019\/07\/hermanos-fern\u00e1ndez-zamba-para-mi-abuela-1024x819.jpg\" alt=\"\" class=\"wp-image-4827\" srcset=\"https:\/\/arroyitoonline.com.ar\/wp-content\/uploads\/2019\/07\/hermanos-fern\u00e1ndez-zamba-para-mi-abuela-1024x819.jpg 1024w, https:\/\/arroyitoonline.com.ar\/wp-content\/uploads\/2019\/07\/hermanos-fern\u00e1ndez-zamba-para-mi-abuela-300x240.jpg 300w, https:\/\/arroyitoonline.com.ar\/wp-content\/uploads\/2019\/07\/hermanos-fern\u00e1ndez-zamba-para-mi-abuela-768x614.jpg 768w, https:\/\/arroyitoonline.com.ar\/wp-content\/uploads\/2019\/07\/hermanos-fern\u00e1ndez-zamba-para-mi-abuela.jpg 1280w\" sizes=\"auto, (max-width: 1024px) 100vw, 1024px\" \/><\/figure>\n\n\n\n<p>La producci\u00f3n les ha permitido a sus autores, que recuerden momentos\nvividos llenos de amor junto a la homenajeada, los cuales se han transformado\nen ense\u00f1anzas permanentes para cada uno de ellos.<\/p>\n\n\n\n<p>Su vida, como la de todos, estuvo marcada por alegr\u00edas y\ntristezas, pero lo especial, <em>\u201clo\nparticular que he querido destacar en la letra, ha sido la fe con la que vivi\u00f3\ncada uno de los momentos de su camino\u201d<\/em>, remarc\u00f3 el m\u00fasico local, que hoy\nreside en las Sierras de C\u00f3rdoba, mientras contin\u00faa la recuperaci\u00f3n de su\nsalud. <\/p>\n\n\n\n<p><em>\u201cLa Tata, como muchos\nabuelos, son fuente de sabidur\u00eda, de saberes, de tradiciones, de ense\u00f1anzas\npara las nuevas generaciones, la presencia de los abuelos ocupa un lugar importante\nen la vida de los nietos y mi canci\u00f3n ha querido ser un mensaje para que esta\nverdad contin\u00fae viva en los todos hogares\u201d<\/em>, cerr\u00f3 un emocionado Pablo.<\/p>\n\n\n\n<ul class=\"wp-block-list\"><li>Canci\u00f3n:\nZAMBA PARA MI ABUELA<\/li><li>Letra\ny m\u00fasica: Prof. Pablo Fern\u00e1ndez.<\/li><li>Coros:\nMorena Fern\u00e1ndez, Marcelo Fern\u00e1ndez y Padre Sergio Fern\u00e1ndez<\/li><li>Grabada:\nEstudio 34 de Tevy Cavoti &#8211; Villa Allende (C\u00f3rdoba)<\/li><\/ul>\n\n\n\n<figure class=\"wp-block-audio\"><audio controls src=\"https:\/\/arroyitoonline.com.ar\/wp-content\/uploads\/2019\/07\/Zamba-para-mi-abuela-Do\u00f1a-Mari.MP3.mp3\"><\/audio><figcaption><em>Zamba para mi abuela<\/em><\/figcaption><\/figure>\n","protected":false},"excerpt":{"rendered":"<p>El m\u00fasico de Arroyito contin\u00faa con la recuperaci\u00f3n de su salud y, en paralelo, grab\u00f3 esta producci\u00f3n ratificando su profunda&hellip;<\/p>\n","protected":false},"author":3,"featured_media":4824,"comment_status":"closed","ping_status":"open","sticky":false,"template":"","format":"standard","meta":{"footnotes":""},"categories":[2],"tags":[66,67,836,259,864,559,572],"class_list":["post-4823","post","type-post","status-publish","format-standard","has-post-thumbnail","hentry","category-cultura-y-espectaculos","tag-arroyito","tag-arroyito-cordoba","tag-arroyito-online","tag-cultura","tag-cultura-y-espectaculos-online","tag-musica","tag-noticias-de-arroyito-y-zona"],"_links":{"self":[{"href":"https:\/\/arroyitoonline.com.ar\/index.php?rest_route=\/wp\/v2\/posts\/4823","targetHints":{"allow":["GET"]}}],"collection":[{"href":"https:\/\/arroyitoonline.com.ar\/index.php?rest_route=\/wp\/v2\/posts"}],"about":[{"href":"https:\/\/arroyitoonline.com.ar\/index.php?rest_route=\/wp\/v2\/types\/post"}],"author":[{"embeddable":true,"href":"https:\/\/arroyitoonline.com.ar\/index.php?rest_route=\/wp\/v2\/users\/3"}],"replies":[{"embeddable":true,"href":"https:\/\/arroyitoonline.com.ar\/index.php?rest_route=%2Fwp%2Fv2%2Fcomments&post=4823"}],"version-history":[{"count":2,"href":"https:\/\/arroyitoonline.com.ar\/index.php?rest_route=\/wp\/v2\/posts\/4823\/revisions"}],"predecessor-version":[{"id":4828,"href":"https:\/\/arroyitoonline.com.ar\/index.php?rest_route=\/wp\/v2\/posts\/4823\/revisions\/4828"}],"wp:featuredmedia":[{"embeddable":true,"href":"https:\/\/arroyitoonline.com.ar\/index.php?rest_route=\/wp\/v2\/media\/4824"}],"wp:attachment":[{"href":"https:\/\/arroyitoonline.com.ar\/index.php?rest_route=%2Fwp%2Fv2%2Fmedia&parent=4823"}],"wp:term":[{"taxonomy":"category","embeddable":true,"href":"https:\/\/arroyitoonline.com.ar\/index.php?rest_route=%2Fwp%2Fv2%2Fcategories&post=4823"},{"taxonomy":"post_tag","embeddable":true,"href":"https:\/\/arroyitoonline.com.ar\/index.php?rest_route=%2Fwp%2Fv2%2Ftags&post=4823"}],"curies":[{"name":"wp","href":"https:\/\/api.w.org\/{rel}","templated":true}]}}