{"id":4858,"date":"2019-07-28T17:31:23","date_gmt":"2019-07-28T17:31:23","guid":{"rendered":"https:\/\/arroyitoonline.com.ar\/?p=4858"},"modified":"2019-07-28T17:32:38","modified_gmt":"2019-07-28T17:32:38","slug":"macri-estuvo-en-el-obrador-de-la-autopista-ruta-19","status":"publish","type":"post","link":"https:\/\/arroyitoonline.com.ar\/?p=4858","title":{"rendered":"Macri estuvo en el obrador de la autopista ruta 19"},"content":{"rendered":"\n<p><strong>Permaneci\u00f3 unos 15 minutos en el lugar, donde pronunci\u00f3 un breve discurso. Cravero lo recibi\u00f3 y le entreg\u00f3 un Decreto de Hu\u00e9sped de Honor y la Llave de la ciudad. <\/strong><\/p>\n\n\n\n<p>El mi\u00e9rcoles pasado, el presidente de la Naci\u00f3n Mauricio Macri lleg\u00f3 a Arroyito y realiz\u00f3 un breve recorrido por el obrador de la autopista Ruta Nacional N\u00ba 19, que se ubica en el sector sur de la ciudad, a la vera de la ruta provincial E\u201352, camino a la localidad de Sacanta.<\/p>\n\n\n\n<p>En una tarde fr\u00eda y ventosa, el helic\u00f3ptero presidencial baj\u00f3 sobre la traza de la obra de la autopista, proyecto que constituye la principal promesa del primer mandatario nacional para la regi\u00f3n. <\/p>\n\n\n\n<p>En su descenso fue recibido por el intendente Mauricio Cravero, que le entreg\u00f3 el Decreto de Hu\u00e9sped de Honor y la Llave de la ciudad, junto a una canasta de productos dulces t\u00edpicos de nuestra ciudad. <\/p>\n\n\n\n<p>Juntos, ambos dirigentes recorrieron el obrador, en el marco de la vig\u00e9sima visita del ingeniero a C\u00f3rdoba. <\/p>\n\n\n\n<figure><iframe loading=\"lazy\" src=\"https:\/\/www.facebook.com\/plugins\/post.php?href=https%3A%2F%2Fwww.facebook.com%2Farroyitoonlineoficial%2Fposts%2F2470930206468199&amp;width=500\" width=\"500\" height=\"783\"><\/iframe><\/figure>\n\n\n\n<p>Durante el acto, Cravero, que en su momento le hab\u00eda reclamado al presidente por las demoras en la obra, imit\u00f3 a Macri, se agach\u00f3 y golpe\u00f3 con su mano la carpeta en construcci\u00f3n: <em>\u201cEs una obra que se est\u00e1 haciendo con los recursos de los argentinos\u201d<\/em>, dijo.<\/p>\n\n\n\n<p>En el obrador, Macri asegur\u00f3 que <em>\u201cEstamos listos para ir por m\u00e1s, para ir por el proyecto de crecimiento de 20 a\u00f1os interrumpidos, conectados al mundo como nunca antes\u201d<\/em>, y remarc\u00f3 sobre la necesidad de <em>\u201cexportar productos de calidad\u201d<\/em>.<\/p>\n\n\n\n<figure><iframe loading=\"lazy\" src=\"https:\/\/www.facebook.com\/plugins\/video.php?href=https%3A%2F%2Fwww.facebook.com%2Farroyitoonlineoficial%2Fvideos%2F1167519436788936%2F&amp;show_text=0&amp;width=560\" width=\"560\" height=\"315\" allowfullscreen=\"true\"><\/iframe><\/figure>\n\n\n\n<p>Macri tambi\u00e9n dijo que esa estrategia de inserci\u00f3n de productos argentinos en el exterior <em>\u201ccomienza a tomar color\u201d<\/em>, pero tambi\u00e9n reconoci\u00f3 el impacto de la crisis econ\u00f3mica porque <em>\u201cestos tres a\u00f1os y medio fueron duros\u201d<\/em>.<\/p>\n\n\n\n<p>Fuente: Prensa Municipal. <\/p>\n\n\n\n<p>Foto: gentileza Gustavo Sosa, para Arroyito Online. <\/p>\n","protected":false},"excerpt":{"rendered":"<p>Permaneci\u00f3 unos 15 minutos en el lugar, donde pronunci\u00f3 un breve discurso. Cravero lo recibi\u00f3 y le entreg\u00f3 un Decreto&hellip;<\/p>\n","protected":false},"author":3,"featured_media":4859,"comment_status":"closed","ping_status":"open","sticky":false,"template":"","format":"standard","meta":{"footnotes":""},"categories":[8],"tags":[66,67,836,979,511,572,578,698,700,701],"class_list":["post-4858","post","type-post","status-publish","format-standard","has-post-thumbnail","hentry","category-politica","tag-arroyito","tag-arroyito-cordoba","tag-arroyito-online","tag-autopista-ruta-19","tag-macri","tag-noticias-de-arroyito-y-zona","tag-obras-publicas","tag-ruta-19","tag-ruta-e-52","tag-ruta-nacional-n-19"],"_links":{"self":[{"href":"https:\/\/arroyitoonline.com.ar\/index.php?rest_route=\/wp\/v2\/posts\/4858","targetHints":{"allow":["GET"]}}],"collection":[{"href":"https:\/\/arroyitoonline.com.ar\/index.php?rest_route=\/wp\/v2\/posts"}],"about":[{"href":"https:\/\/arroyitoonline.com.ar\/index.php?rest_route=\/wp\/v2\/types\/post"}],"author":[{"embeddable":true,"href":"https:\/\/arroyitoonline.com.ar\/index.php?rest_route=\/wp\/v2\/users\/3"}],"replies":[{"embeddable":true,"href":"https:\/\/arroyitoonline.com.ar\/index.php?rest_route=%2Fwp%2Fv2%2Fcomments&post=4858"}],"version-history":[{"count":2,"href":"https:\/\/arroyitoonline.com.ar\/index.php?rest_route=\/wp\/v2\/posts\/4858\/revisions"}],"predecessor-version":[{"id":4861,"href":"https:\/\/arroyitoonline.com.ar\/index.php?rest_route=\/wp\/v2\/posts\/4858\/revisions\/4861"}],"wp:featuredmedia":[{"embeddable":true,"href":"https:\/\/arroyitoonline.com.ar\/index.php?rest_route=\/wp\/v2\/media\/4859"}],"wp:attachment":[{"href":"https:\/\/arroyitoonline.com.ar\/index.php?rest_route=%2Fwp%2Fv2%2Fmedia&parent=4858"}],"wp:term":[{"taxonomy":"category","embeddable":true,"href":"https:\/\/arroyitoonline.com.ar\/index.php?rest_route=%2Fwp%2Fv2%2Fcategories&post=4858"},{"taxonomy":"post_tag","embeddable":true,"href":"https:\/\/arroyitoonline.com.ar\/index.php?rest_route=%2Fwp%2Fv2%2Ftags&post=4858"}],"curies":[{"name":"wp","href":"https:\/\/api.w.org\/{rel}","templated":true}]}}