{"id":4868,"date":"2019-07-26T18:11:57","date_gmt":"2019-07-26T18:11:57","guid":{"rendered":"https:\/\/arroyitoonline.com.ar\/?p=4868"},"modified":"2019-07-28T18:29:19","modified_gmt":"2019-07-28T18:29:19","slug":"dia-nacional-de-la-cultura-se-realizan-diversas-acciones","status":"publish","type":"post","link":"https:\/\/arroyitoonline.com.ar\/?p=4868","title":{"rendered":"D\u00eda Nacional de la Cultura: se realizan diversas acciones"},"content":{"rendered":"\n<p><strong>Desde un encuentro de danzas, otros corales y una obra de teatro, pasando por la presentaci\u00f3n de la Banda Sinf\u00f3nica, habr\u00e1 actividades para todos los gustos. <\/strong><\/p>\n\n\n\n<p>En el marco del d\u00eda Nacional de la Cultura, a conmemorarse este 29 de julio, se realizar\u00e1n los siguientes eventos:<\/p>\n\n\n\n<p>S\u00e1bado 27 de julio:\u00a0Acto oficial.\u00a0 4\u00ba Encuentro de Danzas organizado por el Centro Vecinal Xanaes en el Sal\u00f3n Bomberos, desde las 10:00 y hasta las 20:30 horas.\u00a0<\/p>\n\n\n\n<p>Jueves 1 de agosto: \u201cConcierto de Piamonte\u201d por el Maestro Roberto Marchesi, de Italia. Concierto de piano con repertorio de Shubert y Schumann, en el Auditorio Coral, a las 20:00 horas. \u00a0<\/p>\n\n\n\n<p>S\u00e1bado 3 de agosto: Encuentro Coral de Italiano, en el Auditorio Coral, a las 20:00 horas.<\/p>\n\n\n\n<p>Domingo 4 de agosto: obra de teatro La Herencia, en el Teatrillo Municipal Jos\u00e9 F. Guarch, a las 21:15 horas. Entradas a la venta en la Casa de la Cultura. <\/p>\n\n\n\n<p>S\u00e1bado\u00a010 de agosto: Concierto de la Banda Sinf\u00f3nica, en la Parroquia Nuestra Se\u00f1ora de la Merced, a las 20:15 horas. <\/p>\n\n\n\n<p>Una grilla de espect\u00e1culos para todos los gustos, donde la Cultura ser\u00e1 homenajeada con los mejores exponentes.<\/p>\n\n\n\n<p>Fuente: Prensa Municipal. <\/p>\n","protected":false},"excerpt":{"rendered":"<p>Desde un encuentro de danzas, otros corales y una obra de teatro, pasando por la presentaci\u00f3n de la Banda Sinf\u00f3nica,&hellip;<\/p>\n","protected":false},"author":3,"featured_media":4869,"comment_status":"closed","ping_status":"open","sticky":false,"template":"","format":"standard","meta":{"footnotes":""},"categories":[2],"tags":[66,67,836,99,158,180,247,988,259,864,1007,382,572,755,756],"class_list":["post-4868","post","type-post","status-publish","format-standard","has-post-thumbnail","hentry","category-cultura-y-espectaculos","tag-arroyito","tag-arroyito-cordoba","tag-arroyito-online","tag-banda-sinfonica","tag-casa-de-la-cultura","tag-centro-vecinal-xanaes","tag-coro","tag-coro-de-italiano-dolce-citta","tag-cultura","tag-cultura-y-espectaculos-online","tag-dia-nacional-de-la-cultura","tag-folclore","tag-noticias-de-arroyito-y-zona","tag-teatrillo","tag-teatro"],"_links":{"self":[{"href":"https:\/\/arroyitoonline.com.ar\/index.php?rest_route=\/wp\/v2\/posts\/4868","targetHints":{"allow":["GET"]}}],"collection":[{"href":"https:\/\/arroyitoonline.com.ar\/index.php?rest_route=\/wp\/v2\/posts"}],"about":[{"href":"https:\/\/arroyitoonline.com.ar\/index.php?rest_route=\/wp\/v2\/types\/post"}],"author":[{"embeddable":true,"href":"https:\/\/arroyitoonline.com.ar\/index.php?rest_route=\/wp\/v2\/users\/3"}],"replies":[{"embeddable":true,"href":"https:\/\/arroyitoonline.com.ar\/index.php?rest_route=%2Fwp%2Fv2%2Fcomments&post=4868"}],"version-history":[{"count":1,"href":"https:\/\/arroyitoonline.com.ar\/index.php?rest_route=\/wp\/v2\/posts\/4868\/revisions"}],"predecessor-version":[{"id":4870,"href":"https:\/\/arroyitoonline.com.ar\/index.php?rest_route=\/wp\/v2\/posts\/4868\/revisions\/4870"}],"wp:featuredmedia":[{"embeddable":true,"href":"https:\/\/arroyitoonline.com.ar\/index.php?rest_route=\/wp\/v2\/media\/4869"}],"wp:attachment":[{"href":"https:\/\/arroyitoonline.com.ar\/index.php?rest_route=%2Fwp%2Fv2%2Fmedia&parent=4868"}],"wp:term":[{"taxonomy":"category","embeddable":true,"href":"https:\/\/arroyitoonline.com.ar\/index.php?rest_route=%2Fwp%2Fv2%2Fcategories&post=4868"},{"taxonomy":"post_tag","embeddable":true,"href":"https:\/\/arroyitoonline.com.ar\/index.php?rest_route=%2Fwp%2Fv2%2Ftags&post=4868"}],"curies":[{"name":"wp","href":"https:\/\/api.w.org\/{rel}","templated":true}]}}