{"id":4871,"date":"2019-07-27T18:48:58","date_gmt":"2019-07-27T18:48:58","guid":{"rendered":"https:\/\/arroyitoonline.com.ar\/?p=4871"},"modified":"2019-07-28T19:03:04","modified_gmt":"2019-07-28T19:03:04","slug":"el-ministro-de-transporte-dietrich-estuvo-en-el-obrador-de-la-autopista-ruta-19","status":"publish","type":"post","link":"https:\/\/arroyitoonline.com.ar\/?p=4871","title":{"rendered":"El ministro de Transporte Dietrich estuvo en el obrador de la autopista ruta 19"},"content":{"rendered":"\n<p><strong>El funcionario nacional expres\u00f3 que <\/strong><em><strong>\u201cde avanzar todo como viene y de no existir grandes impedimentos clim\u00e1ticos, el tramo Arroyito \/ El T\u00edo estar\u00eda inaugur\u00e1ndose a la brevedad\u201d<\/strong><\/em><strong>. <\/strong><\/p>\n\n\n\n<p>El viernes al mediod\u00eda visit\u00f3 nuestra ciudad, el ministro de Transporte de la Naci\u00f3n Guillermo Dietrich. <\/p>\n\n\n\n<p>A su llegada, el funcionario se reuni\u00f3 con el intendente Mauricio Cravero, en el obrador donde se construye la Autopista Ruta Nacional 19, donde horas antes hab\u00eda estado el presidente Macri.<\/p>\n\n\n\n<p>El ministro recorri\u00f3 toda la traza, dialog\u00f3 con los ingenieros y empleados de la empresa Luis Losi S.A. y cont\u00f3 la proyecci\u00f3n de la obra, tiempos de inauguraci\u00f3n y nuevos adjudicatarios en los tramos demorados.<\/p>\n\n\n\n<p>Tambi\u00e9n expres\u00f3 que <em>\u201cde avanzar todo como viene y \u00a0de no existir grandes impedimentos clim\u00e1ticos, el tramo Arroyito \/ El T\u00edo estar\u00eda inaugur\u00e1ndose a la brevedad\u201d<\/em>.<\/p>\n\n\n\n<p>En la ocasi\u00f3n, Dietrich estuvo varios minutos conversando en privado con Cravero, cuestiones de futuras obras y contiendas electorales.<\/p>\n\n\n\n<p>Antes de que finalizara el encuentro envi\u00f3 saludos a todos los habitantes de Arroyito y\u00a0expres\u00f3 que<em> \u201ctienen un Intendente que es un gran gestionador, as\u00ed se consiguen estas obras<\/em>\u201d.<\/p>\n\n\n\n<p>Fuente: Prensa Municipal. <\/p>\n","protected":false},"excerpt":{"rendered":"<p>El funcionario nacional expres\u00f3 que \u201cde avanzar todo como viene y de no existir grandes impedimentos clim\u00e1ticos, el tramo Arroyito&hellip;<\/p>\n","protected":false},"author":3,"featured_media":4872,"comment_status":"closed","ping_status":"open","sticky":false,"template":"","format":"standard","meta":{"footnotes":""},"categories":[900],"tags":[66,67,836,979,253,857,511,527,556,572,578,698,700,701],"class_list":["post-4871","post","type-post","status-publish","format-standard","has-post-thumbnail","hentry","category-noticias","tag-arroyito","tag-arroyito-cordoba","tag-arroyito-online","tag-autopista-ruta-19","tag-cravero","tag-gobierno-nacional","tag-macri","tag-mauricio-cravero","tag-municipalidad-de-arroyito","tag-noticias-de-arroyito-y-zona","tag-obras-publicas","tag-ruta-19","tag-ruta-e-52","tag-ruta-nacional-n-19"],"_links":{"self":[{"href":"https:\/\/arroyitoonline.com.ar\/index.php?rest_route=\/wp\/v2\/posts\/4871","targetHints":{"allow":["GET"]}}],"collection":[{"href":"https:\/\/arroyitoonline.com.ar\/index.php?rest_route=\/wp\/v2\/posts"}],"about":[{"href":"https:\/\/arroyitoonline.com.ar\/index.php?rest_route=\/wp\/v2\/types\/post"}],"author":[{"embeddable":true,"href":"https:\/\/arroyitoonline.com.ar\/index.php?rest_route=\/wp\/v2\/users\/3"}],"replies":[{"embeddable":true,"href":"https:\/\/arroyitoonline.com.ar\/index.php?rest_route=%2Fwp%2Fv2%2Fcomments&post=4871"}],"version-history":[{"count":1,"href":"https:\/\/arroyitoonline.com.ar\/index.php?rest_route=\/wp\/v2\/posts\/4871\/revisions"}],"predecessor-version":[{"id":4873,"href":"https:\/\/arroyitoonline.com.ar\/index.php?rest_route=\/wp\/v2\/posts\/4871\/revisions\/4873"}],"wp:featuredmedia":[{"embeddable":true,"href":"https:\/\/arroyitoonline.com.ar\/index.php?rest_route=\/wp\/v2\/media\/4872"}],"wp:attachment":[{"href":"https:\/\/arroyitoonline.com.ar\/index.php?rest_route=%2Fwp%2Fv2%2Fmedia&parent=4871"}],"wp:term":[{"taxonomy":"category","embeddable":true,"href":"https:\/\/arroyitoonline.com.ar\/index.php?rest_route=%2Fwp%2Fv2%2Fcategories&post=4871"},{"taxonomy":"post_tag","embeddable":true,"href":"https:\/\/arroyitoonline.com.ar\/index.php?rest_route=%2Fwp%2Fv2%2Ftags&post=4871"}],"curies":[{"name":"wp","href":"https:\/\/api.w.org\/{rel}","templated":true}]}}