{"id":4874,"date":"2019-07-29T02:17:26","date_gmt":"2019-07-29T02:17:26","guid":{"rendered":"https:\/\/arroyitoonline.com.ar\/?p=4874"},"modified":"2019-07-29T02:17:29","modified_gmt":"2019-07-29T02:17:29","slug":"gas-natural-cespal-difiere-el-pago-del-22-de-lo-facturado-durante-los-meses-con-mas-consumo","status":"publish","type":"post","link":"https:\/\/arroyitoonline.com.ar\/?p=4874","title":{"rendered":"Gas Natural: Cespal difiere el pago del 22% de lo facturado durante los meses con m\u00e1s consumo"},"content":{"rendered":"\n<p><strong>La medida alcanza a los consumos de julio a octubre, que registren los\nusuarios residenciales. <\/strong><\/p>\n\n\n\n<p>Cespal inform\u00f3 que, con car\u00e1cter excepcional, en las facturas que se emitan a Usuarios Residenciales entre el 1 de julio de 2019 hasta el 31 de octubre de este a\u00f1o, se realizar\u00e1 un diferimiento de pago del 22% del monto total de la liquidaci\u00f3n. La medida no alcanza a los usuarios con consumo 0.<\/p>\n\n\n\n<p>El monto total diferido ser\u00e1 facturado en cinco cuotas mensuales, iguales y\nconsecutivas, sin intereses, a\npartir de las facturas regulares emitidas desde el 1 de diciembre de 2019.<\/p>\n\n\n\n<p>Los usuarios beneficiarios que no\ndeseen hacer uso de la medida, podr\u00e1n as\u00ed manifestarlo a la Cooperativa,\nindicando su renuncia con n\u00famero de socio y cuenta. Lo que podr\u00e1 realizarse a\ntrav\u00e9s de su web: <a href=\"https:\/\/l.facebook.com\/l.php?u=http%3A%2F%2Fwww.cespalarroyito.coop%2F%3Ffbclid%3DIwAR2EPrjBr7wjm29w4nfiI1qrG2ASetjGfF0jqynL-ckA9mibImeEpVIdQG8&amp;h=AT3RrXpYnzwtnmzVM7pPpn82spvLS1J1gNOctU1ntPmqzngT0Imipr7iTMWm2O-tamkYkN9LO2Y_kMGpDwk_-1Drd80QWYk1Ka2E5i4Db9ErjgYb_iLU88O0Sf2TtQS_NK8\" target=\"_blank\" rel=\"noreferrer noopener\">www.cespalarroyito.coop<\/a>\no por e-mail a: <a href=\"mailto:gas_bajadiferimiento@cescom.net.ar\" target=\"_blank\" rel=\"noreferrer noopener\">gas_bajadiferimiento@cescom.net.ar<\/a>.\n<\/p>\n\n\n\n<p>Los asociados que reciban su factura con el diferimiento y no lo deseen, deber\u00e1n hacer el tr\u00e1mite de manera personal, presentando la factura en las oficinas de la Cespal para que el rechazo de este beneficio quede asentado. <\/p>\n","protected":false},"excerpt":{"rendered":"<p>La medida alcanza a los consumos de julio a octubre, que registren los usuarios residenciales. Cespal inform\u00f3 que, con car\u00e1cter&hellip;<\/p>\n","protected":false},"author":3,"featured_media":2223,"comment_status":"closed","ping_status":"open","sticky":false,"template":"","format":"standard","meta":{"footnotes":""},"categories":[879],"tags":[66,67,836,183,240,397,572,732],"class_list":["post-4874","post","type-post","status-publish","format-standard","has-post-thumbnail","hentry","category-servicios-publicos","tag-arroyito","tag-arroyito-cordoba","tag-arroyito-online","tag-cespal","tag-cooperativa","tag-gas-natural","tag-noticias-de-arroyito-y-zona","tag-servicios-publicos"],"_links":{"self":[{"href":"https:\/\/arroyitoonline.com.ar\/index.php?rest_route=\/wp\/v2\/posts\/4874","targetHints":{"allow":["GET"]}}],"collection":[{"href":"https:\/\/arroyitoonline.com.ar\/index.php?rest_route=\/wp\/v2\/posts"}],"about":[{"href":"https:\/\/arroyitoonline.com.ar\/index.php?rest_route=\/wp\/v2\/types\/post"}],"author":[{"embeddable":true,"href":"https:\/\/arroyitoonline.com.ar\/index.php?rest_route=\/wp\/v2\/users\/3"}],"replies":[{"embeddable":true,"href":"https:\/\/arroyitoonline.com.ar\/index.php?rest_route=%2Fwp%2Fv2%2Fcomments&post=4874"}],"version-history":[{"count":1,"href":"https:\/\/arroyitoonline.com.ar\/index.php?rest_route=\/wp\/v2\/posts\/4874\/revisions"}],"predecessor-version":[{"id":4875,"href":"https:\/\/arroyitoonline.com.ar\/index.php?rest_route=\/wp\/v2\/posts\/4874\/revisions\/4875"}],"wp:featuredmedia":[{"embeddable":true,"href":"https:\/\/arroyitoonline.com.ar\/index.php?rest_route=\/wp\/v2\/media\/2223"}],"wp:attachment":[{"href":"https:\/\/arroyitoonline.com.ar\/index.php?rest_route=%2Fwp%2Fv2%2Fmedia&parent=4874"}],"wp:term":[{"taxonomy":"category","embeddable":true,"href":"https:\/\/arroyitoonline.com.ar\/index.php?rest_route=%2Fwp%2Fv2%2Fcategories&post=4874"},{"taxonomy":"post_tag","embeddable":true,"href":"https:\/\/arroyitoonline.com.ar\/index.php?rest_route=%2Fwp%2Fv2%2Ftags&post=4874"}],"curies":[{"name":"wp","href":"https:\/\/api.w.org\/{rel}","templated":true}]}}