{"id":4876,"date":"2019-07-29T03:27:47","date_gmt":"2019-07-29T03:27:47","guid":{"rendered":"https:\/\/arroyitoonline.com.ar\/?p=4876"},"modified":"2019-07-29T03:27:48","modified_gmt":"2019-07-29T03:27:48","slug":"la-policia-detuvo-a-un-joven-de-16-anos-que-protagonizo-una-violacion-de-domicilio","status":"publish","type":"post","link":"https:\/\/arroyitoonline.com.ar\/?p=4876","title":{"rendered":"La Polic\u00eda detuvo a un joven de 16 a\u00f1os que protagoniz\u00f3 una violaci\u00f3n de domicilio"},"content":{"rendered":"\n<p><strong>A la madrugada, la familia escuch\u00f3 ruidos mientras dorm\u00eda. Cuando llegaron, los uniformados encontraron al sujeto que, para su ingreso, hab\u00eda roto una puerta.<\/strong><\/p>\n\n\n\n<p>El s\u00e1bado a las 5:30\nhoras, la Polic\u00eda recibi\u00f3 un llamado telef\u00f3nico a la l\u00ednea de emergencias, por\nparte de un masculino domiciliado en calle Urquiza N\u00ba 1000, solicitando, de\nmanera urgente, la presencia de personal policial.<\/p>\n\n\n\n<p>El hombre manifest\u00f3\nque, mientras se encontraba durmiendo junto a su familia, escuch\u00f3 ruidos en el\npatio. Cuando los uniformados llegaron e ingresaron a la vivienda observaron en\nuna habitaci\u00f3n ubicada en el patio, a un joven que, tras romper la puerta,\nentr\u00f3 a ese cuarto.<\/p>\n\n\n\n<p>A continuaci\u00f3n, la\nfuerza p\u00fablica aprehendi\u00f3 al sujeto y lo traslad\u00f3 a sede policial, donde se lo\nidentific\u00f3 siendo un joven de 16 a\u00f1os con domicilio en Arroyito.<\/p>\n\n\n\n<p>Se consult\u00f3 con el Magistrado de Turno, Juzgado de Menores, quien imparti\u00f3 como directivas que reinicien las actuaciones correspondientes y el adolescente sea entregado a sus progenitores.<\/p>\n\n\n\n<p>Fuente: informe de la oficial Principal J\u00e9sica Paz, a cargo de la Base Operativa Sur Suboficial Principal Gustavo Carlos D\u00edaz.  <\/p>\n","protected":false},"excerpt":{"rendered":"<p>A la madrugada, la familia escuch\u00f3 ruidos mientras dorm\u00eda. Cuando llegaron, los uniformados encontraron al sujeto que, para su ingreso,&hellip;<\/p>\n","protected":false},"author":3,"featured_media":3993,"comment_status":"closed","ping_status":"open","sticky":false,"template":"","format":"standard","meta":{"footnotes":""},"categories":[824],"tags":[66,67,836,269,270,271,572,637,638,825,1008],"class_list":["post-4876","post","type-post","status-publish","format-standard","has-post-thumbnail","hentry","category-policiales-online","tag-arroyito","tag-arroyito-cordoba","tag-arroyito-online","tag-delincuencia","tag-delito","tag-delitos","tag-noticias-de-arroyito-y-zona","tag-policiales","tag-policiales-arroyito","tag-policiales-online","tag-violacion-de-domicilio"],"_links":{"self":[{"href":"https:\/\/arroyitoonline.com.ar\/index.php?rest_route=\/wp\/v2\/posts\/4876","targetHints":{"allow":["GET"]}}],"collection":[{"href":"https:\/\/arroyitoonline.com.ar\/index.php?rest_route=\/wp\/v2\/posts"}],"about":[{"href":"https:\/\/arroyitoonline.com.ar\/index.php?rest_route=\/wp\/v2\/types\/post"}],"author":[{"embeddable":true,"href":"https:\/\/arroyitoonline.com.ar\/index.php?rest_route=\/wp\/v2\/users\/3"}],"replies":[{"embeddable":true,"href":"https:\/\/arroyitoonline.com.ar\/index.php?rest_route=%2Fwp%2Fv2%2Fcomments&post=4876"}],"version-history":[{"count":1,"href":"https:\/\/arroyitoonline.com.ar\/index.php?rest_route=\/wp\/v2\/posts\/4876\/revisions"}],"predecessor-version":[{"id":4877,"href":"https:\/\/arroyitoonline.com.ar\/index.php?rest_route=\/wp\/v2\/posts\/4876\/revisions\/4877"}],"wp:featuredmedia":[{"embeddable":true,"href":"https:\/\/arroyitoonline.com.ar\/index.php?rest_route=\/wp\/v2\/media\/3993"}],"wp:attachment":[{"href":"https:\/\/arroyitoonline.com.ar\/index.php?rest_route=%2Fwp%2Fv2%2Fmedia&parent=4876"}],"wp:term":[{"taxonomy":"category","embeddable":true,"href":"https:\/\/arroyitoonline.com.ar\/index.php?rest_route=%2Fwp%2Fv2%2Fcategories&post=4876"},{"taxonomy":"post_tag","embeddable":true,"href":"https:\/\/arroyitoonline.com.ar\/index.php?rest_route=%2Fwp%2Fv2%2Ftags&post=4876"}],"curies":[{"name":"wp","href":"https:\/\/api.w.org\/{rel}","templated":true}]}}