{"id":4880,"date":"2019-07-29T03:56:43","date_gmt":"2019-07-29T03:56:43","guid":{"rendered":"https:\/\/arroyitoonline.com.ar\/?p=4880"},"modified":"2019-07-29T03:56:49","modified_gmt":"2019-07-29T03:56:49","slug":"la-policia-aprehendio-a-un-menor-de-16-anos-que-habia-sustraido-una-moto","status":"publish","type":"post","link":"https:\/\/arroyitoonline.com.ar\/?p=4880","title":{"rendered":"La Polic\u00eda aprehendi\u00f3 a un menor de 16 a\u00f1os que hab\u00eda sustra\u00eddo una moto"},"content":{"rendered":"\n<p><strong>La due\u00f1a del rodado lo hab\u00eda dejado estacionado sin las medidas de\nseguridad. El ladr\u00f3n tiene domicilio en La Francia y fue entregado a sus\npadres.<\/strong><\/p>\n\n\n\n<p>A las 2:30\nhoras de ayer domingo, la Polic\u00eda recibi\u00f3 un llamado telef\u00f3nico a la l\u00ednea de\nemergencias, por parte de una mujer, con domicilio en calle Colon N\u00ba 400. <\/p>\n\n\n\n<p>La femenina\nsolicit\u00f3 la presencia de personal policial manifestando que un sujeto habr\u00eda sustra\u00eddo\nsu motocicleta Guerrero Trip, color roja, la cual se encontraba sin las medidas\nde seguridad.<\/p>\n\n\n\n<p>En lo\ninmediato, la fuerza p\u00fablica realiz\u00f3 un operativo cerrojo por el sector, con\nlas caracter\u00edsticas aportadas del presunto ladr\u00f3n, logrando interceptarlo en la\nintersecci\u00f3n de las calles Carlos Favari y Col\u00f3n, recuperando la damnificada el\nrodado.<\/p>\n\n\n\n<p>Es por\nello que los uniformados aprehendieron al joven traslad\u00e1ndolo a la sede\npolicial, donde se lo identific\u00f3 siendo un menor de 16 a\u00f1os, con domicilio en\nla localidad de La Francia.<\/p>\n\n\n\n<p>Se consult\u00f3 al Magistrado de Turno, quien imparti\u00f3 como directiva que reinicien las actuaciones correspondientes y el chico sea entregado a sus progenitores.<\/p>\n\n\n\n<p>Fuente: informe de la oficial Principal J\u00e9sica Paz, a cargo de la Base Operativa Sur Suboficial Principal Gustavo Carlos D\u00edaz.<\/p>\n","protected":false},"excerpt":{"rendered":"<p>La due\u00f1a del rodado lo hab\u00eda dejado estacionado sin las medidas de seguridad. El ladr\u00f3n tiene domicilio en La Francia&hellip;<\/p>\n","protected":false},"author":3,"featured_media":2730,"comment_status":"closed","ping_status":"open","sticky":false,"template":"","format":"standard","meta":{"footnotes":""},"categories":[824],"tags":[66,67,836,270,547,572,635,637,638,825],"class_list":["post-4880","post","type-post","status-publish","format-standard","has-post-thumbnail","hentry","category-policiales-online","tag-arroyito","tag-arroyito-cordoba","tag-arroyito-online","tag-delito","tag-motos","tag-noticias-de-arroyito-y-zona","tag-policia","tag-policiales","tag-policiales-arroyito","tag-policiales-online"],"_links":{"self":[{"href":"https:\/\/arroyitoonline.com.ar\/index.php?rest_route=\/wp\/v2\/posts\/4880","targetHints":{"allow":["GET"]}}],"collection":[{"href":"https:\/\/arroyitoonline.com.ar\/index.php?rest_route=\/wp\/v2\/posts"}],"about":[{"href":"https:\/\/arroyitoonline.com.ar\/index.php?rest_route=\/wp\/v2\/types\/post"}],"author":[{"embeddable":true,"href":"https:\/\/arroyitoonline.com.ar\/index.php?rest_route=\/wp\/v2\/users\/3"}],"replies":[{"embeddable":true,"href":"https:\/\/arroyitoonline.com.ar\/index.php?rest_route=%2Fwp%2Fv2%2Fcomments&post=4880"}],"version-history":[{"count":1,"href":"https:\/\/arroyitoonline.com.ar\/index.php?rest_route=\/wp\/v2\/posts\/4880\/revisions"}],"predecessor-version":[{"id":4881,"href":"https:\/\/arroyitoonline.com.ar\/index.php?rest_route=\/wp\/v2\/posts\/4880\/revisions\/4881"}],"wp:featuredmedia":[{"embeddable":true,"href":"https:\/\/arroyitoonline.com.ar\/index.php?rest_route=\/wp\/v2\/media\/2730"}],"wp:attachment":[{"href":"https:\/\/arroyitoonline.com.ar\/index.php?rest_route=%2Fwp%2Fv2%2Fmedia&parent=4880"}],"wp:term":[{"taxonomy":"category","embeddable":true,"href":"https:\/\/arroyitoonline.com.ar\/index.php?rest_route=%2Fwp%2Fv2%2Fcategories&post=4880"},{"taxonomy":"post_tag","embeddable":true,"href":"https:\/\/arroyitoonline.com.ar\/index.php?rest_route=%2Fwp%2Fv2%2Ftags&post=4880"}],"curies":[{"name":"wp","href":"https:\/\/api.w.org\/{rel}","templated":true}]}}