{"id":4886,"date":"2019-07-29T19:00:52","date_gmt":"2019-07-29T19:00:52","guid":{"rendered":"https:\/\/arroyitoonline.com.ar\/?p=4886"},"modified":"2019-07-29T19:03:20","modified_gmt":"2019-07-29T19:03:20","slug":"200-vecinos-le-expusieron-sus-proyectos-a-gustavo-benedetti","status":"publish","type":"post","link":"https:\/\/arroyitoonline.com.ar\/?p=4886","title":{"rendered":"200 vecinos le expusieron sus proyectos a Gustavo Benedetti"},"content":{"rendered":"\n<p><strong>El encuentro fue calificado por el candidato a intendente, como <em>\u201cla consolidaci\u00f3n de este enorme equipo\u201d<\/em>. <\/strong><\/p>\n\n\n\n<p>El s\u00e1bado, en el marco de la\ncampa\u00f1a electoral 2019, 200 vecinos de Arroyito, La Curva y El Fuertecito, le\npresentaron proyectos de diversas \u00e1reas al candidato a intendente Gustavo\nBenedetti.<\/p>\n\n\n\n<p>Fue durante una reuni\u00f3n en la que profesionales e id\u00f3neos referentes de diferentes rubros (medicina, arquitectura, comercio, entre otros) expusieron sus ideas, las cuales integrar\u00e1n el plan de gobierno del actual concejal radical, seg\u00fan lo explicaron desde su entorno.<\/p>\n\n\n\n<figure><iframe loading=\"lazy\" src=\"https:\/\/www.facebook.com\/plugins\/post.php?href=https%3A%2F%2Fwww.facebook.com%2Fgustavoabenedetti%2Fposts%2F907363036284737&amp;width=500\" width=\"500\" height=\"732\"><\/iframe><\/figure>\n\n\n\n<p><em>\u201cSe trata de 20 grupos, que trabajan juntos desde hace un a\u00f1o y hoy compartieron entre todos sus proyectos, para encontrar ideas en com\u00fan y bases para el plan de gobierno de este candidato\u201d<\/em>, remarcaron quienes acompa\u00f1an de cerca al exprimer mandatario local.<\/p>\n\n\n\n<p>En la oportunidad, Benedetti resalt\u00f3 la importancia de que se escuche a los vecinos remarcando que est\u00e1 abierto al di\u00e1logo <em>\u201cpara llevar a cabo lo que comunidad necesita\u201d<\/em>.<\/p>\n\n\n\n<p>\u00a0Fue una jornada de trabajo, que muchos de los presentes calificaron como <em>\u201c\u00fanica\u201d<\/em>, resaltando <em>\u201cel compromiso, la escucha y el di\u00e1logo de todo el equipo, lo que permite augurar una renovaci\u00f3n en la pol\u00edtica local, m\u00e1s atenta a la escucha y al trabajo conjunto\u201d<\/em>. <\/p>\n\n\n\n<p>Sobre el encuentro opin\u00f3 el candidato en sus redes sociales, quien se mostr\u00f3 sorprendido con <em>\u201ccompromiso&nbsp;de ustedes y la consolidaci\u00f3n de este enorme&nbsp;equipo. Quiero agradecerles por su inter\u00e9s en com\u00fan por nuestra ciudad. Son el futuro que Arroyito necesita, sus propuestas&nbsp;son realizables y tenemos la voluntad pol\u00edtica para hacerlo\u201d<\/em>.<\/p>\n","protected":false},"excerpt":{"rendered":"<p>El encuentro fue calificado por el candidato a intendente, como \u201cla consolidaci\u00f3n de este enorme equipo\u201d. El s\u00e1bado, en el&hellip;<\/p>\n","protected":false},"author":3,"featured_media":4885,"comment_status":"closed","ping_status":"open","sticky":false,"template":"","format":"standard","meta":{"footnotes":""},"categories":[8],"tags":[13,66,67,836,115,318,968,572],"class_list":["post-4886","post","type-post","status-publish","format-standard","has-post-thumbnail","hentry","category-politica","tag-13","tag-arroyito","tag-arroyito-cordoba","tag-arroyito-online","tag-benedetti","tag-elecciones","tag-gustavo-benedetti","tag-noticias-de-arroyito-y-zona"],"_links":{"self":[{"href":"https:\/\/arroyitoonline.com.ar\/index.php?rest_route=\/wp\/v2\/posts\/4886","targetHints":{"allow":["GET"]}}],"collection":[{"href":"https:\/\/arroyitoonline.com.ar\/index.php?rest_route=\/wp\/v2\/posts"}],"about":[{"href":"https:\/\/arroyitoonline.com.ar\/index.php?rest_route=\/wp\/v2\/types\/post"}],"author":[{"embeddable":true,"href":"https:\/\/arroyitoonline.com.ar\/index.php?rest_route=\/wp\/v2\/users\/3"}],"replies":[{"embeddable":true,"href":"https:\/\/arroyitoonline.com.ar\/index.php?rest_route=%2Fwp%2Fv2%2Fcomments&post=4886"}],"version-history":[{"count":2,"href":"https:\/\/arroyitoonline.com.ar\/index.php?rest_route=\/wp\/v2\/posts\/4886\/revisions"}],"predecessor-version":[{"id":4888,"href":"https:\/\/arroyitoonline.com.ar\/index.php?rest_route=\/wp\/v2\/posts\/4886\/revisions\/4888"}],"wp:featuredmedia":[{"embeddable":true,"href":"https:\/\/arroyitoonline.com.ar\/index.php?rest_route=\/wp\/v2\/media\/4885"}],"wp:attachment":[{"href":"https:\/\/arroyitoonline.com.ar\/index.php?rest_route=%2Fwp%2Fv2%2Fmedia&parent=4886"}],"wp:term":[{"taxonomy":"category","embeddable":true,"href":"https:\/\/arroyitoonline.com.ar\/index.php?rest_route=%2Fwp%2Fv2%2Fcategories&post=4886"},{"taxonomy":"post_tag","embeddable":true,"href":"https:\/\/arroyitoonline.com.ar\/index.php?rest_route=%2Fwp%2Fv2%2Ftags&post=4886"}],"curies":[{"name":"wp","href":"https:\/\/api.w.org\/{rel}","templated":true}]}}