{"id":4891,"date":"2019-07-31T03:41:09","date_gmt":"2019-07-31T03:41:09","guid":{"rendered":"https:\/\/arroyitoonline.com.ar\/?p=4891"},"modified":"2019-07-31T14:31:12","modified_gmt":"2019-07-31T14:31:12","slug":"emanuel-acosta-junta-firmas-para-que-los-concejales-renuncien-al-adicional","status":"publish","type":"post","link":"https:\/\/arroyitoonline.com.ar\/?p=4891","title":{"rendered":"Emanuel Acosta junta firmas para que los concejales renuncien al adicional"},"content":{"rendered":"\n<p><strong>El abogado tambi\u00e9n le present\u00f3 una carta a la presidenta del cuerpo deliberativo solicitando a los ediles, que ese extra por la atenci\u00f3n en la oficina de Participaci\u00f3n Ciudadana tenga un destino diferente.<\/strong><\/p>\n\n\n\n<p>El precandidato a intendente Emanuel Acosta envi\u00f3 una carta \u2013fechada 29 de julio de 2019- a la presidenta del Concejo Deliberante, Graciela Tristany de P\u00e9cile. La misiva, firmada por el abogado, presenta una petici\u00f3n a la viceintendenta y, por su intermedio, a los dem\u00e1s miembros del cuerpo deliberativo, para que revisen la decisi\u00f3n que adoptaron algunos ediles de <a href=\"https:\/\/arroyitoonline.com.ar\/concejo-deliberante-online\/algunos-concejales-cobran-un-adicional-por-la-atencion-en-la-oficina-de-participacion-ciudadana\/\">percibir un adicional de $2.500, por la atenci\u00f3n de la oficina de Participaci\u00f3n Ciudadana<\/a>. <\/p>\n\n\n\n<div class=\"wp-block-image\"><figure class=\"aligncenter\"><img loading=\"lazy\" decoding=\"async\" width=\"553\" height=\"834\" src=\"https:\/\/arroyitoonline.com.ar\/wp-content\/uploads\/2019\/07\/nota-acosta-adicional-concejales_Fotor_20190731.jpg\" alt=\"\" class=\"wp-image-4895\" srcset=\"https:\/\/arroyitoonline.com.ar\/wp-content\/uploads\/2019\/07\/nota-acosta-adicional-concejales_Fotor_20190731.jpg 553w, https:\/\/arroyitoonline.com.ar\/wp-content\/uploads\/2019\/07\/nota-acosta-adicional-concejales_Fotor_20190731-199x300.jpg 199w\" sizes=\"auto, (max-width: 553px) 100vw, 553px\" \/><\/figure><\/div>\n\n\n\n<p><em>\u201cEsto gener\u00f3 un descontento mayoritario en la ciudad de Arroyito y la idea que nosotros nos propusimos fue la de generar una petici\u00f3n a trav\u00e9s de un sitio web que se llama Avast peticiones de la comunidad donde se formula un reclamo y se van adhiriendo a trav\u00e9s de firmas digitales para tomar una muestra y, eso fue lo que se present\u00f3 juntamente con la nota a la presidenta, para marcar el descontento que hay en Arroyito, por esta medida que tomaron los concejales\u201d<\/em>, se\u00f1al\u00f3 el m\u00e1s joven de los Acosta. Cabe destacar que la petici\u00f3n ya recolect\u00f3 m\u00e1s de 250 firmas y <a href=\"https:\/\/secure.avaaz.org\/es\/community_petitions\/Ciudadanos_de_Arroyito_Concejales_de_Arroyito_renuncien_a_cobrar_el_extra_por_atender_a_los_vecinos\/?pkRaMob&amp;fbogname=Emanuel+A.&amp;utm_source=sharetools&amp;utm_medium=facebook&amp;utm_campaign=petition-762812-Concejales_de_Arroyito_renuncien_a_cobrar_el_extra_por_atender_a_los_vecinos&amp;utm_term=kRaMob%2Bes&amp;fbclid=IwAR3vTdLL0pllrueKc6ypIJCKPZW8uv65NvgpQfB8J2W18qqiXMXV46WoK_E\">todav\u00eda est\u00e1 disponible<\/a>. <\/p>\n\n\n\n<figure><iframe loading=\"lazy\" src=\"https:\/\/www.facebook.com\/plugins\/post.php?href=https%3A%2F%2Fwww.facebook.com%2Femalejacosta%2Fposts%2F10219227059928765&amp;width=500\" width=\"500\" height=\"535\"><\/iframe><\/figure>\n\n\n\n<p>Emanuel cont\u00f3 a <strong>Canal 3<\/strong> que, el fin concreto de su acci\u00f3n es <em>\u201cque los concejales revisen esta decisi\u00f3n, que la mayor\u00eda de los vecinos ha cre\u00eddo que es totalmente inoportuna, por los tiempos que corren. Hay que recordar que la oficina de Participaci\u00f3n Ciudadana funciona desde 2001. Es decir que, desde 2001 los concejales han ido haciendo uso del adicional. Pero no es lo mismo lo que un concejal ganaba en 2001, que en 2019, cuando la dieta est\u00e1 cerca de los $40.000\u201d<\/em> y remarc\u00f3 que <em>\u201cLa idea es llegar hasta el momento de que los concejales revisen esta decisi\u00f3n y renuncien al cobro, o que tenga un destino diferente al que est\u00e1 teniendo ahora. Que podr\u00eda ser donarlo a alguna instituci\u00f3n p\u00fablica\u201d<\/em>. <\/p>\n\n\n\n<p>Adem\u00e1s, el letrado aprovech\u00f3 la\noportunidad para remarcar que <em>\u201ces\nnecesario que nos vayamos involucrando m\u00e1s, en el funcionamiento de las\ninstituciones democr\u00e1ticas. Los concejales adem\u00e1s de la dieta tambi\u00e9n cuentan\ncon asesores parlamentarios que tienen por bloque, que ganan aproximadamente $30.000\ny que hoy no sabemos sobre qu\u00e9 materias asesoran. Vemos diferentes partidas de\ngastos que se van repitiendo y que si uno las suma hacen un total de $1.060.000\nal a\u00f1o, que equivalen a dos casas del plan municipal, a un quir\u00f3fano en el\nHospital Municipal, a una remodelaci\u00f3n de una plaza\u201d<\/em>. <\/p>\n\n\n\n<p><em>&#8220;Es necesario, en estos tiempos electorales, no solo debatir o discutir qu\u00e9 tipo de gobierno queremos y qu\u00e9 personas queremos al frente del gobierno, sino tambi\u00e9n qu\u00e9 Concejo Deliberante queremos: si un Concejo Deliberante que contin\u00fae discutiendo cuestiones internas de un partido, o un Concejo Deliberante que tenga una agenda legislativa propia, que debata y discuta proyectos que le mejoren al vecino, d\u00eda a d\u00eda, la calidad de vida. Es algo que nos debemos preguntar todos los vecinos de la ciudad de Arroyito&#8221;<\/em>, finaliz\u00f3.<\/p>\n\n\n\n<p>Fuente: Canal 3.<\/p>\n\n\n\n<p>Foto: Arroyito Online. <\/p>\n","protected":false},"excerpt":{"rendered":"<p>El abogado tambi\u00e9n le present\u00f3 una carta a la presidenta del cuerpo deliberativo solicitando a los ediles, que ese extra&hellip;<\/p>\n","protected":false},"author":3,"featured_media":4113,"comment_status":"closed","ping_status":"open","sticky":false,"template":"","format":"standard","meta":{"footnotes":""},"categories":[8],"tags":[955,66,67,836,891,227,640],"class_list":["post-4891","post","type-post","status-publish","format-standard","has-post-thumbnail","hentry","category-politica","tag-acosta","tag-arroyito","tag-arroyito-cordoba","tag-arroyito-online","tag-concejales","tag-concejo-deliberante","tag-politica"],"_links":{"self":[{"href":"https:\/\/arroyitoonline.com.ar\/index.php?rest_route=\/wp\/v2\/posts\/4891","targetHints":{"allow":["GET"]}}],"collection":[{"href":"https:\/\/arroyitoonline.com.ar\/index.php?rest_route=\/wp\/v2\/posts"}],"about":[{"href":"https:\/\/arroyitoonline.com.ar\/index.php?rest_route=\/wp\/v2\/types\/post"}],"author":[{"embeddable":true,"href":"https:\/\/arroyitoonline.com.ar\/index.php?rest_route=\/wp\/v2\/users\/3"}],"replies":[{"embeddable":true,"href":"https:\/\/arroyitoonline.com.ar\/index.php?rest_route=%2Fwp%2Fv2%2Fcomments&post=4891"}],"version-history":[{"count":5,"href":"https:\/\/arroyitoonline.com.ar\/index.php?rest_route=\/wp\/v2\/posts\/4891\/revisions"}],"predecessor-version":[{"id":4904,"href":"https:\/\/arroyitoonline.com.ar\/index.php?rest_route=\/wp\/v2\/posts\/4891\/revisions\/4904"}],"wp:featuredmedia":[{"embeddable":true,"href":"https:\/\/arroyitoonline.com.ar\/index.php?rest_route=\/wp\/v2\/media\/4113"}],"wp:attachment":[{"href":"https:\/\/arroyitoonline.com.ar\/index.php?rest_route=%2Fwp%2Fv2%2Fmedia&parent=4891"}],"wp:term":[{"taxonomy":"category","embeddable":true,"href":"https:\/\/arroyitoonline.com.ar\/index.php?rest_route=%2Fwp%2Fv2%2Fcategories&post=4891"},{"taxonomy":"post_tag","embeddable":true,"href":"https:\/\/arroyitoonline.com.ar\/index.php?rest_route=%2Fwp%2Fv2%2Ftags&post=4891"}],"curies":[{"name":"wp","href":"https:\/\/api.w.org\/{rel}","templated":true}]}}