{"id":4912,"date":"2019-08-01T13:35:21","date_gmt":"2019-08-01T13:35:21","guid":{"rendered":"https:\/\/arroyitoonline.com.ar\/?p=4912"},"modified":"2019-08-01T13:35:23","modified_gmt":"2019-08-01T13:35:23","slug":"se-viene-el-concierto-di-pianoforte","status":"publish","type":"post","link":"https:\/\/arroyitoonline.com.ar\/?p=4912","title":{"rendered":"Se viene el Concierto Di Pianoforte"},"content":{"rendered":"\n<p><strong>Con la presencia del pianista italiano Roberto Marchesi, siguen las actividades en el marco del D\u00eda Nacional de la Cultura.<\/strong><\/p>\n\n\n\n<p>En el marco del d\u00eda Nacional de la Cultura, que se conmemor\u00f3 el pasado 29 de julio,\u00a0<strong>este jueves 1 de agosto a las 20:00 horas, en el Auditorio Coral,<\/strong>\u00a0se desarrollar\u00e1 el\u00a0<strong>Concierto Di Pianoforte,<\/strong>\u00a0protagonizado por el pianista de la provincia de Parma, Italia, Roberto Marchesi. Ser\u00e1 un concierto de piano con repertorio de Schubert y Schuman.<\/p>\n\n\n\n<p>Durante el evento participar\u00e1n el Coro de C\u00e1mara Municipal y el Coro de Italiano Dolce Citt\u00e1, ambos dirigidos por el Prof. Joel Coronel.<\/p>\n\n\n\n<div class=\"wp-block-image\"><figure class=\"aligncenter\"><img loading=\"lazy\" decoding=\"async\" width=\"960\" height=\"1010\" src=\"https:\/\/arroyitoonline.com.ar\/wp-content\/uploads\/2019\/08\/concierto-pianoforte.jpg\" alt=\"\" class=\"wp-image-4914\" srcset=\"https:\/\/arroyitoonline.com.ar\/wp-content\/uploads\/2019\/08\/concierto-pianoforte.jpg 960w, https:\/\/arroyitoonline.com.ar\/wp-content\/uploads\/2019\/08\/concierto-pianoforte-285x300.jpg 285w, https:\/\/arroyitoonline.com.ar\/wp-content\/uploads\/2019\/08\/concierto-pianoforte-768x808.jpg 768w\" sizes=\"auto, (max-width: 960px) 100vw, 960px\" \/><\/figure><\/div>\n\n\n\n<p>Adem\u00e1s, este <strong>s\u00e1bado\u00a03 de agosto a las 20:00 horas, en el Auditorio Coral, se realizar\u00e1 un Encuentro de Coros de Italiano,\u00a0<\/strong>con la participaci\u00f3n del Coro \u00cdtalo Piamont\u00e9s de Morteros, el Coro de la Dante Alighieri de la ciudad de C\u00f3rdoba, el Coro Italiano de Ca\u00f1uelas, el Coro Vasco de Buenos Aires y el Coro local Dolce Citt\u00e1.<\/p>\n\n\n\n<p>Una invitaci\u00f3n a todos los descendientes de la bella Italia, con un marcado sentimiento, donde el objetivo es la conservaci\u00f3n de las costumbres a trav\u00e9s el canto de esta lejana tierra.<\/p>\n\n\n\n<p>Por \u00faltimo, este domingo 4 de agosto a las 21:15 horas, en el Teatrillo Municipal, se presentar\u00e1 la obra de teatro La Herencia, en el marco del ciclo  Abriendo Telones. <\/p>\n\n\n\n<p>Fuente: Prensa Municipal.<\/p>\n","protected":false},"excerpt":{"rendered":"<p>Con la presencia del pianista italiano Roberto Marchesi, siguen las actividades en el marco del D\u00eda Nacional de la Cultura.&hellip;<\/p>\n","protected":false},"author":3,"featured_media":4913,"comment_status":"closed","ping_status":"open","sticky":false,"template":"","format":"standard","meta":{"footnotes":""},"categories":[2],"tags":[66,67,836,158,247,259,864,929,559,572],"class_list":["post-4912","post","type-post","status-publish","format-standard","has-post-thumbnail","hentry","category-cultura-y-espectaculos","tag-arroyito","tag-arroyito-cordoba","tag-arroyito-online","tag-casa-de-la-cultura","tag-coro","tag-cultura","tag-cultura-y-espectaculos-online","tag-gestion-cultural","tag-musica","tag-noticias-de-arroyito-y-zona"],"_links":{"self":[{"href":"https:\/\/arroyitoonline.com.ar\/index.php?rest_route=\/wp\/v2\/posts\/4912","targetHints":{"allow":["GET"]}}],"collection":[{"href":"https:\/\/arroyitoonline.com.ar\/index.php?rest_route=\/wp\/v2\/posts"}],"about":[{"href":"https:\/\/arroyitoonline.com.ar\/index.php?rest_route=\/wp\/v2\/types\/post"}],"author":[{"embeddable":true,"href":"https:\/\/arroyitoonline.com.ar\/index.php?rest_route=\/wp\/v2\/users\/3"}],"replies":[{"embeddable":true,"href":"https:\/\/arroyitoonline.com.ar\/index.php?rest_route=%2Fwp%2Fv2%2Fcomments&post=4912"}],"version-history":[{"count":1,"href":"https:\/\/arroyitoonline.com.ar\/index.php?rest_route=\/wp\/v2\/posts\/4912\/revisions"}],"predecessor-version":[{"id":4915,"href":"https:\/\/arroyitoonline.com.ar\/index.php?rest_route=\/wp\/v2\/posts\/4912\/revisions\/4915"}],"wp:featuredmedia":[{"embeddable":true,"href":"https:\/\/arroyitoonline.com.ar\/index.php?rest_route=\/wp\/v2\/media\/4913"}],"wp:attachment":[{"href":"https:\/\/arroyitoonline.com.ar\/index.php?rest_route=%2Fwp%2Fv2%2Fmedia&parent=4912"}],"wp:term":[{"taxonomy":"category","embeddable":true,"href":"https:\/\/arroyitoonline.com.ar\/index.php?rest_route=%2Fwp%2Fv2%2Fcategories&post=4912"},{"taxonomy":"post_tag","embeddable":true,"href":"https:\/\/arroyitoonline.com.ar\/index.php?rest_route=%2Fwp%2Fv2%2Ftags&post=4912"}],"curies":[{"name":"wp","href":"https:\/\/api.w.org\/{rel}","templated":true}]}}