{"id":4932,"date":"2019-08-03T14:30:19","date_gmt":"2019-08-03T14:30:19","guid":{"rendered":"https:\/\/arroyitoonline.com.ar\/?p=4932"},"modified":"2019-08-06T17:45:51","modified_gmt":"2019-08-06T17:45:51","slug":"lafarina-cada-dia-nos-venimos-convenciendo-mas-de-que-vamos-triunfar-en-las-proximas-elecciones","status":"publish","type":"post","link":"https:\/\/arroyitoonline.com.ar\/?p=4932","title":{"rendered":"Lafarina: \u201cCada d\u00eda nos venimos convenciendo m\u00e1s de que vamos triunfar en las pr\u00f3ximas elecciones\u201d"},"content":{"rendered":"\n<p><strong>Las palabras fueron pronunciadas con efusividad por el precandidato a intendente oficialista, en el marco de un concurrido acto de presentaci\u00f3n de propuestas, donde tambi\u00e9n fue oradora Vercelli.<\/strong><\/p>\n\n\n\n<p>El mi\u00e9rcoles 31, en un acto que convoc\u00f3 entre 500 y 600 vecinos del sector sur y militantes, la f\u00f3rmula conformada por Daniel Lafarina y Viviana Vercelli, present\u00f3 sus propuestas en el sal\u00f3n de H\u00e9ctor Sosa.<\/p>\n\n\n\n<p>Ante un recinto colmado, y emocionados por la respuesta recibida, los precandidatos a intendente y vice enumeraron los que ser\u00e1n ejes tem\u00e1ticos en una potencial gesti\u00f3n de gobierno, destac\u00e1ndose la obra p\u00fablica y, en particular, la construcci\u00f3n de viviendas.<\/p>\n\n\n\n<p>En esta l\u00ednea, prometieron un plan que contemple darle soluci\u00f3n al problema habitacional de 600 familias y cr\u00e9ditos que les permitan, a quienes ya son propietarios, arreglar o ampliar sus inmuebles. <\/p>\n\n\n\n<figure><iframe loading=\"lazy\" src=\"https:\/\/www.facebook.com\/plugins\/video.php?href=https%3A%2F%2Fwww.facebook.com%2Farroyitoonlineoficial%2Fvideos%2F467258780784687%2F&amp;show_text=0&amp;width=560\" width=\"560\" height=\"315\" allowfullscreen=\"true\"><\/iframe><\/figure>\n\n\n\n<p>Por otra parte, hablaron de cloacas, desag\u00fces, consejo de seguridad, construcci\u00f3n de un corral\u00f3n en el sector sur y de la modernizaci\u00f3n del Estado Municipal. <\/p>\n\n\n\n<p>Fue una noche que sus protagonistas calificaron como<em> &#8220;llena de emociones y alegr\u00edas, como las que los vecinos nos vienen dando todos los d\u00edas&#8221;<\/em>. Adem\u00e1s agregaron que<em> &#8220;estamos cada vez m\u00e1s fuertes, convencidos y con muchas fuerzas. Con Viviana solo tenemos palabras de agradecimiento. Hoy les contamos qu\u00e9 queremos para esta ciudad&#8221;<\/em>.<\/p>\n\n\n\n<p>A continuaci\u00f3n, tanto el ingeniero civil como la trabajadora social, insistieron en la idea de que est\u00e1n en juego dos modelos: <em>&#8220;el del clientelismo y&nbsp;el nuestro, del progreso con honestidad. Nosotros juntos con ustedes vamos hacer cada vez m\u00e1s grande esta ciudad&#8221;<\/em>. <\/p>\n\n\n\n<p>Por \u00faltimo, los precandidatos, que en esta ocasi\u00f3n estuvieron acompa\u00f1ados por Mauricio Cravero y su esposa Mar\u00eda Laura, invitaron a todos a sumarse a este equipo y agradecieron al actual intendente por el apoyo recibido. <\/p>\n\n\n\n<p><em>&#8220;Cada d\u00eda nos venimos convenciendo m\u00e1s de que, Daniel y Viviana, Viviana y Daniel, van a triunfar en las pr\u00f3ximas elecciones&#8221;<\/em>, pronunci\u00f3 Lafarina, y los presentes respondieron con aplausos. <\/p>\n\n\n\n<p>Foto: Javier Navarrete. <\/p>\n","protected":false},"excerpt":{"rendered":"<p>Las palabras fueron pronunciadas con efusividad por el precandidato a intendente oficialista, en el marco de un concurrido acto de&hellip;<\/p>\n","protected":false},"author":3,"featured_media":4931,"comment_status":"closed","ping_status":"open","sticky":false,"template":"","format":"standard","meta":{"footnotes":""},"categories":[8],"tags":[13,66,67,836,318,837,572,813],"class_list":["post-4932","post","type-post","status-publish","format-standard","has-post-thumbnail","hentry","category-politica","tag-13","tag-arroyito","tag-arroyito-cordoba","tag-arroyito-online","tag-elecciones","tag-lafarina","tag-noticias-de-arroyito-y-zona","tag-viviendas"],"_links":{"self":[{"href":"https:\/\/arroyitoonline.com.ar\/index.php?rest_route=\/wp\/v2\/posts\/4932","targetHints":{"allow":["GET"]}}],"collection":[{"href":"https:\/\/arroyitoonline.com.ar\/index.php?rest_route=\/wp\/v2\/posts"}],"about":[{"href":"https:\/\/arroyitoonline.com.ar\/index.php?rest_route=\/wp\/v2\/types\/post"}],"author":[{"embeddable":true,"href":"https:\/\/arroyitoonline.com.ar\/index.php?rest_route=\/wp\/v2\/users\/3"}],"replies":[{"embeddable":true,"href":"https:\/\/arroyitoonline.com.ar\/index.php?rest_route=%2Fwp%2Fv2%2Fcomments&post=4932"}],"version-history":[{"count":4,"href":"https:\/\/arroyitoonline.com.ar\/index.php?rest_route=\/wp\/v2\/posts\/4932\/revisions"}],"predecessor-version":[{"id":4995,"href":"https:\/\/arroyitoonline.com.ar\/index.php?rest_route=\/wp\/v2\/posts\/4932\/revisions\/4995"}],"wp:featuredmedia":[{"embeddable":true,"href":"https:\/\/arroyitoonline.com.ar\/index.php?rest_route=\/wp\/v2\/media\/4931"}],"wp:attachment":[{"href":"https:\/\/arroyitoonline.com.ar\/index.php?rest_route=%2Fwp%2Fv2%2Fmedia&parent=4932"}],"wp:term":[{"taxonomy":"category","embeddable":true,"href":"https:\/\/arroyitoonline.com.ar\/index.php?rest_route=%2Fwp%2Fv2%2Fcategories&post=4932"},{"taxonomy":"post_tag","embeddable":true,"href":"https:\/\/arroyitoonline.com.ar\/index.php?rest_route=%2Fwp%2Fv2%2Ftags&post=4932"}],"curies":[{"name":"wp","href":"https:\/\/api.w.org\/{rel}","templated":true}]}}