{"id":4954,"date":"2019-08-05T14:13:20","date_gmt":"2019-08-05T14:13:20","guid":{"rendered":"https:\/\/arroyitoonline.com.ar\/?p=4954"},"modified":"2019-08-05T14:13:22","modified_gmt":"2019-08-05T14:13:22","slug":"fallecio-el-acompanante-de-una-moto-que-fue-chocada-desde-atras-por-un-auto","status":"publish","type":"post","link":"https:\/\/arroyitoonline.com.ar\/?p=4954","title":{"rendered":"Falleci\u00f3 el acompa\u00f1ante de una moto que fue chocada desde atr\u00e1s por un auto"},"content":{"rendered":"\n<p><strong>Ocurri\u00f3\nsobre ruta 19, cerca del paraje La Curva. Perdi\u00f3 la vida el padre del conductor\ndel rodado menor, un hombre de 54 a\u00f1os. <\/strong><\/p>\n\n\n\n<p>Esta ma\u00f1ana a las 7:15, a ra\u00edz de un\nllamado telef\u00f3nico a la l\u00ednea de emergencias, la Polic\u00eda tom\u00f3 conocimiento de\nque se hab\u00eda producido un accidente de tr\u00e1nsito sobre Ruta Nacional N\u00ba 19, a la\naltura del kil\u00f3metro 228. <\/p>\n\n\n\n<p>De inmediato, personal de la Comisar\u00eda local\ny Polic\u00eda Caminera se comisionaron en el lugar. All\u00ed constataron que una moto\nGuerrero Trip 110 roja, que era conducida por un masculino (30) acompa\u00f1ado por\nsu padre (54) \u2013ambos con domicilio en el paraje La Curva-, circulaban en Ruta\nNacional N\u00ba 19 en sentido de oeste a este.<\/p>\n\n\n\n<p>Por causas que tratan de establecerse\nfueron colisionados, en la parte trasera, por un veh\u00edculo Toyota Corolla gris, cuyo\nconductor era un joven (27) de la localidad de La Francia.<\/p>\n\n\n\n<p>Se hizo presente en el lugar el\nservicio de emergencias de Arroyito, quien constat\u00f3 el deceso del acompa\u00f1ante\ndel rodado menor, trasladando al conductor hacia el Hospital Municipal Carlos\nJ. Rodr\u00edguez, para la realizaci\u00f3n de los estudios m\u00e9dicos correspondientes.<\/p>\n\n\n\n<p>Mientras tanto, Polic\u00eda Cient\u00edfica de San Francisco ya trabaja en el sector. Adem\u00e1s, se hizo entrega del procedimiento en la Unidad Judicial, con intervenci\u00f3n de la Fiscal\u00eda de Instrucci\u00f3n local.<\/p>\n\n\n\n<p>Fuente: informe de la oficial Principal Jesica Paz, a cargo de la Base Operativa Sur Suboficial Principal Gustavo Carlos D\u00edaz. <\/p>\n\n\n\n<p>La foto es gentileza de Canal 3 de Arroyito. <\/p>\n","protected":false},"excerpt":{"rendered":"<p>Ocurri\u00f3 sobre ruta 19, cerca del paraje La Curva. Perdi\u00f3 la vida el padre del conductor del rodado menor, un&hellip;<\/p>\n","protected":false},"author":3,"featured_media":4948,"comment_status":"closed","ping_status":"open","sticky":false,"template":"","format":"standard","meta":{"footnotes":""},"categories":[824],"tags":[66,67,836,191,483,547,572,637,638,825],"class_list":["post-4954","post","type-post","status-publish","format-standard","has-post-thumbnail","hentry","category-policiales-online","tag-arroyito","tag-arroyito-cordoba","tag-arroyito-online","tag-choque","tag-la-curva","tag-motos","tag-noticias-de-arroyito-y-zona","tag-policiales","tag-policiales-arroyito","tag-policiales-online"],"_links":{"self":[{"href":"https:\/\/arroyitoonline.com.ar\/index.php?rest_route=\/wp\/v2\/posts\/4954","targetHints":{"allow":["GET"]}}],"collection":[{"href":"https:\/\/arroyitoonline.com.ar\/index.php?rest_route=\/wp\/v2\/posts"}],"about":[{"href":"https:\/\/arroyitoonline.com.ar\/index.php?rest_route=\/wp\/v2\/types\/post"}],"author":[{"embeddable":true,"href":"https:\/\/arroyitoonline.com.ar\/index.php?rest_route=\/wp\/v2\/users\/3"}],"replies":[{"embeddable":true,"href":"https:\/\/arroyitoonline.com.ar\/index.php?rest_route=%2Fwp%2Fv2%2Fcomments&post=4954"}],"version-history":[{"count":1,"href":"https:\/\/arroyitoonline.com.ar\/index.php?rest_route=\/wp\/v2\/posts\/4954\/revisions"}],"predecessor-version":[{"id":4955,"href":"https:\/\/arroyitoonline.com.ar\/index.php?rest_route=\/wp\/v2\/posts\/4954\/revisions\/4955"}],"wp:featuredmedia":[{"embeddable":true,"href":"https:\/\/arroyitoonline.com.ar\/index.php?rest_route=\/wp\/v2\/media\/4948"}],"wp:attachment":[{"href":"https:\/\/arroyitoonline.com.ar\/index.php?rest_route=%2Fwp%2Fv2%2Fmedia&parent=4954"}],"wp:term":[{"taxonomy":"category","embeddable":true,"href":"https:\/\/arroyitoonline.com.ar\/index.php?rest_route=%2Fwp%2Fv2%2Fcategories&post=4954"},{"taxonomy":"post_tag","embeddable":true,"href":"https:\/\/arroyitoonline.com.ar\/index.php?rest_route=%2Fwp%2Fv2%2Ftags&post=4954"}],"curies":[{"name":"wp","href":"https:\/\/api.w.org\/{rel}","templated":true}]}}