{"id":4957,"date":"2019-08-06T02:44:42","date_gmt":"2019-08-06T02:44:42","guid":{"rendered":"https:\/\/arroyitoonline.com.ar\/?p=4957"},"modified":"2019-08-06T02:52:54","modified_gmt":"2019-08-06T02:52:54","slug":"detuvieron-a-un-hombre-que-transportaba-lena-sin-la-documentacion","status":"publish","type":"post","link":"https:\/\/arroyitoonline.com.ar\/?p=4957","title":{"rendered":"Detuvieron a un hombre que transportaba le\u00f1a sin la documentaci\u00f3n"},"content":{"rendered":"\n<p><strong>La Polic\u00eda secuestr\u00f3 la camioneta en la que andaba, la carga de 300 kilos de le\u00f1a y una motosierra, de la que el sujeto tampoco presentaba papeles de acreditaci\u00f3n.<\/strong><\/p>\n\n\n\n<p>El domingo a las 11:00 horas, personal de Patrulla Rural Zona N\u00ba 4 juntamente con personal de la Comisar\u00eda local, realiz\u00f3 el traslado de un hombre (59) de Arroyito a la sede policial. <\/p>\n\n\n\n<p>Momentos antes, el mismo sujeto circulaba por camino p\u00fablico a 700 metros de la ruta provincial E\u201352 y a nueve kil\u00f3metros de nuestra ciudad, en una camioneta Fargo. <\/p>\n\n\n\n<p>Cuando uniformados controlaron su carga de le\u00f1a, el masculino carec\u00eda de la documentaci\u00f3n (gu\u00eda), por lo que se procedi\u00f3 al secuestro del rodado, 300 kilos de le\u00f1a y una motosierra de color naranja, de la cual tampoco presentaba documentaci\u00f3n de acreditaci\u00f3n.<\/p>\n\n\n\n<p>A continuaci\u00f3n se iniciaron las actuaciones correspondientes por infracci\u00f3n al art\u00edculo 114<em> (*) <\/em>del C\u00f3digo de Convivencia Ciudadana \u2013Ley 10.326-.<\/p>\n\n\n\n<p><em>(*)<\/em><strong><em>Art\u00edculo 114.-&nbsp;<\/em><\/strong><em>Omisi\u00f3n de llevar documentaci\u00f3n para el transporte de carga.Ser\u00e1n sancionados con hasta diez (10) d\u00edas de trabajo comunitario, multa equivalente hasta el veinte por ciento (20%) del valor de la carga transportada o arresto de hasta tres (3) d\u00edas los propietarios o transportistas que trasladaren cargas en general, cualquiera sea su g\u00e9nero, forma o especie sin la documentaci\u00f3n requerida por las disposiciones legales y la reglamentaci\u00f3n respectiva.<\/em><\/p>\n\n\n\n<p>Fuente y foto: informe de la oficial Principal Jesica Paz, a cargo de la Base Operativa Sur Suboficial Principal Gustavo Carlos D\u00edaz.<\/p>\n","protected":false},"excerpt":{"rendered":"<p>La Polic\u00eda secuestr\u00f3 la camioneta en la que andaba, la carga de 300 kilos de le\u00f1a y una motosierra, de&hellip;<\/p>\n","protected":false},"author":3,"featured_media":4958,"comment_status":"closed","ping_status":"open","sticky":false,"template":"","format":"standard","meta":{"footnotes":""},"categories":[824],"tags":[66,67,836,209,572,635,637,638,825],"class_list":["post-4957","post","type-post","status-publish","format-standard","has-post-thumbnail","hentry","category-policiales-online","tag-arroyito","tag-arroyito-cordoba","tag-arroyito-online","tag-codigo-de-convivencia-ciudadana","tag-noticias-de-arroyito-y-zona","tag-policia","tag-policiales","tag-policiales-arroyito","tag-policiales-online"],"_links":{"self":[{"href":"https:\/\/arroyitoonline.com.ar\/index.php?rest_route=\/wp\/v2\/posts\/4957","targetHints":{"allow":["GET"]}}],"collection":[{"href":"https:\/\/arroyitoonline.com.ar\/index.php?rest_route=\/wp\/v2\/posts"}],"about":[{"href":"https:\/\/arroyitoonline.com.ar\/index.php?rest_route=\/wp\/v2\/types\/post"}],"author":[{"embeddable":true,"href":"https:\/\/arroyitoonline.com.ar\/index.php?rest_route=\/wp\/v2\/users\/3"}],"replies":[{"embeddable":true,"href":"https:\/\/arroyitoonline.com.ar\/index.php?rest_route=%2Fwp%2Fv2%2Fcomments&post=4957"}],"version-history":[{"count":2,"href":"https:\/\/arroyitoonline.com.ar\/index.php?rest_route=\/wp\/v2\/posts\/4957\/revisions"}],"predecessor-version":[{"id":4960,"href":"https:\/\/arroyitoonline.com.ar\/index.php?rest_route=\/wp\/v2\/posts\/4957\/revisions\/4960"}],"wp:featuredmedia":[{"embeddable":true,"href":"https:\/\/arroyitoonline.com.ar\/index.php?rest_route=\/wp\/v2\/media\/4958"}],"wp:attachment":[{"href":"https:\/\/arroyitoonline.com.ar\/index.php?rest_route=%2Fwp%2Fv2%2Fmedia&parent=4957"}],"wp:term":[{"taxonomy":"category","embeddable":true,"href":"https:\/\/arroyitoonline.com.ar\/index.php?rest_route=%2Fwp%2Fv2%2Fcategories&post=4957"},{"taxonomy":"post_tag","embeddable":true,"href":"https:\/\/arroyitoonline.com.ar\/index.php?rest_route=%2Fwp%2Fv2%2Ftags&post=4957"}],"curies":[{"name":"wp","href":"https:\/\/api.w.org\/{rel}","templated":true}]}}