{"id":4961,"date":"2019-08-06T03:01:42","date_gmt":"2019-08-06T03:01:42","guid":{"rendered":"https:\/\/arroyitoonline.com.ar\/?p=4961"},"modified":"2019-08-06T03:01:44","modified_gmt":"2019-08-06T03:01:44","slug":"choco-con-su-moto-y-resulto-con-una-lesion-leve","status":"publish","type":"post","link":"https:\/\/arroyitoonline.com.ar\/?p=4961","title":{"rendered":"Choc\u00f3 con su moto y result\u00f3 con una lesi\u00f3n leve"},"content":{"rendered":"\n<p><strong>Una joven de 18 a\u00f1os fue trasladada al Hospital Municipal luego de que\nimpactara su Guerrero Trip con una Ford Ecosport.<\/strong><\/p>\n\n\n\n<p>El domingo\na las 18:30 horas, se produjo un accidente de tr\u00e1nsito en la esquina de avenida\nErb y calle Col\u00f3n. <\/p>\n\n\n\n<p>All\u00ed se\ncomision\u00f3 personal policial entrevistando a una mujer (43) de la localidad de\nEl T\u00edo. La femenina manifest\u00f3 que, momentos antes, conduc\u00eda una Ford Ecosport\nnegra por Col\u00f3n con sentido de este a oeste. Cuando lleg\u00f3 a la intersecci\u00f3n con\nErb, y por causas que tratan de establecerse, colision\u00f3 con una moto Guerrero\nTrip 110 cc azul, conducida por una chica (18) de Tr\u00e1nsito acompa\u00f1ada por otra\njoven (19) de Arroyito. El rodado menor andaba por Erb con sentido de norte a\nsur. <\/p>\n\n\n\n<p>En el\nlugar se hizo presente personal del servicio de Emergencias, que traslad\u00f3 a las\ndos ocupantes de la moto al Hospital Municipal Carlos J. Rodr\u00edguez donde, luego\nde la realizaci\u00f3n de estudios correspondientes, se determin\u00f3 que la conductora\npresentaba una lesi\u00f3n leve. <\/p>\n\n\n\n<p>Se entreg\u00f3 el procedimiento en la Unidad Judicial, con conocimiento e intervenci\u00f3n de Fiscal\u00eda de Instrucci\u00f3n de Arroyito.<\/p>\n\n\n\n<p>Fuente: informe de la oficial Principal Jesica Paz, a cargo de la Base Operativa Sur Suboficial Principal Gustavo Carlos D\u00edaz.<\/p>\n\n\n\n<p>Imagen de archivo solo a modo ilustrativo.<\/p>\n","protected":false},"excerpt":{"rendered":"<p>Una joven de 18 a\u00f1os fue trasladada al Hospital Municipal luego de que impactara su Guerrero Trip con una Ford&hellip;<\/p>\n","protected":false},"author":3,"featured_media":3993,"comment_status":"closed","ping_status":"open","sticky":false,"template":"","format":"standard","meta":{"footnotes":""},"categories":[824],"tags":[66,67,836,191,547,572,635,637,638,825],"class_list":["post-4961","post","type-post","status-publish","format-standard","has-post-thumbnail","hentry","category-policiales-online","tag-arroyito","tag-arroyito-cordoba","tag-arroyito-online","tag-choque","tag-motos","tag-noticias-de-arroyito-y-zona","tag-policia","tag-policiales","tag-policiales-arroyito","tag-policiales-online"],"_links":{"self":[{"href":"https:\/\/arroyitoonline.com.ar\/index.php?rest_route=\/wp\/v2\/posts\/4961","targetHints":{"allow":["GET"]}}],"collection":[{"href":"https:\/\/arroyitoonline.com.ar\/index.php?rest_route=\/wp\/v2\/posts"}],"about":[{"href":"https:\/\/arroyitoonline.com.ar\/index.php?rest_route=\/wp\/v2\/types\/post"}],"author":[{"embeddable":true,"href":"https:\/\/arroyitoonline.com.ar\/index.php?rest_route=\/wp\/v2\/users\/3"}],"replies":[{"embeddable":true,"href":"https:\/\/arroyitoonline.com.ar\/index.php?rest_route=%2Fwp%2Fv2%2Fcomments&post=4961"}],"version-history":[{"count":1,"href":"https:\/\/arroyitoonline.com.ar\/index.php?rest_route=\/wp\/v2\/posts\/4961\/revisions"}],"predecessor-version":[{"id":4962,"href":"https:\/\/arroyitoonline.com.ar\/index.php?rest_route=\/wp\/v2\/posts\/4961\/revisions\/4962"}],"wp:featuredmedia":[{"embeddable":true,"href":"https:\/\/arroyitoonline.com.ar\/index.php?rest_route=\/wp\/v2\/media\/3993"}],"wp:attachment":[{"href":"https:\/\/arroyitoonline.com.ar\/index.php?rest_route=%2Fwp%2Fv2%2Fmedia&parent=4961"}],"wp:term":[{"taxonomy":"category","embeddable":true,"href":"https:\/\/arroyitoonline.com.ar\/index.php?rest_route=%2Fwp%2Fv2%2Fcategories&post=4961"},{"taxonomy":"post_tag","embeddable":true,"href":"https:\/\/arroyitoonline.com.ar\/index.php?rest_route=%2Fwp%2Fv2%2Ftags&post=4961"}],"curies":[{"name":"wp","href":"https:\/\/api.w.org\/{rel}","templated":true}]}}