{"id":4963,"date":"2019-08-02T15:15:12","date_gmt":"2019-08-02T15:15:12","guid":{"rendered":"https:\/\/arroyitoonline.com.ar\/?p=4963"},"modified":"2019-08-06T03:24:18","modified_gmt":"2019-08-06T03:24:18","slug":"el-maestro-roberto-marchesi-ofrecio-el-concierto-di-pianoforte","status":"publish","type":"post","link":"https:\/\/arroyitoonline.com.ar\/?p=4963","title":{"rendered":"El maestro Roberto Marchesi ofreci\u00f3 el Concierto Di PianoForte"},"content":{"rendered":"\n<p><strong>El pianista italiano formado en Parma estuvo acompa\u00f1ado por los coros anfitriones: de C\u00e1mara Municipal y de Italiano &#8220;Dolce Citt\u00e1&#8221;.<\/strong> <\/p>\n\n\n\n<p>El jueves 1 de agosto, en el Auditorio Coral, se realiz\u00f3 el Concierto de Di PianoForte, que estuvo a cargo del pianista italiano, maestro Roberto Marchesi. Fue ante un auditorio repleto de p\u00fablico, que disfrut\u00f3 del repertorio de Schubert y Shumann.<br><\/p>\n\n\n\n<p>Estuvieron presentes la viceintendente Graciela Tristani, el secretario de Gobierno Ignacio Cabello, la concejala Alejandra Dellavale y la directora de Cultura Viviana Sam Sam.<\/p>\n\n\n\n<p>Adem\u00e1s oficiaron como anfitriones, los coros, de Italiano \u201cDolce Citt\u00e0\u201d, y de C\u00e1mara Municipal, ambos dirigidos por el Prof. Joel Coronel.<\/p>\n\n\n\n<p><strong>ROBERTO MARCHESI<\/strong><\/p>\n\n\n\n<p><strong>Pianista<\/strong><\/p>\n\n\n\n<p>Roberto Marchesi se gradu\u00f3 en piano en el Conservatorio de M\u00fasica &#8220;Arrigo Boito&#8221; en Parma, bajo la direcci\u00f3n del maestro Giuseppe Tanzini. En el mismo Instituto tambi\u00e9n asisti\u00f3 a la escuela de composici\u00f3n con el maestro Gianfranco Maselli.\u00a0<\/p>\n\n\n\n<p>Particip\u00f3 en cursos avanzados de pianistas influyentes, entre ellos los maestros Boris Bloch, Joerg Demus y Giampaolo Muntoni, con quienes continu\u00f3 su formaci\u00f3n profesional durante cerca de dos a\u00f1os.<\/p>\n\n\n\n<p>Ha participado en varios cursos de Direcci\u00f3n Coral y Concertaci\u00f3n, siguiendo durante varios a\u00f1os los Cursos Internacionales de la Asociaci\u00f3n Internacional de Estudios de Canto Gregoriano -secci\u00f3n italiana- de Cremona (Italia).\u00a0<\/p>\n\n\n\n<p>Como pianista ha colaborado con diversas asociaciones e instituciones, como la Fondazione Toscana Spettacolo, el Departamento de la Sociedad Italiana de Investigaci\u00f3n Teol\u00f3gica, la Jugendmusikschule Wurttemberg-Allgau, el Cuerpo L\u00edrico del Concierto de Pugliese, el Teatro Regio de Parma, la Asociaci\u00f3n Musical Ontic-Existencial de Bari, la Asociaci\u00f3n de &#8220;Amigos de la M\u00fasica&#8221; de Termini Imerese (PA), la Asociaci\u00f3n de &#8220;Amigos de la M\u00fasica&#8221; de Mazara del Vallo (TP), la\u00a0 Asociaci\u00f3n &#8220;G. Serassi&#8221;, el Colegio Alberoni de Piacenza.\u00a0<\/p>\n\n\n\n<p>En 2004 fund\u00f3 el Ensemble Instrumental &#8220;Il Diletto Musicale&#8221; (dos violines y bajo continuo), con el que trabaj\u00f3 en un curso de m\u00fasica barroca centrado en la investigaci\u00f3n tem\u00e1tica, que examin\u00f3 piezas de ejecuci\u00f3n poco frecuente.<\/p>\n\n\n\n<p>Durante varios a\u00f1os dirigi\u00f3 el Coro Polif\u00f3nico &#8220;Cantori del mattino&#8221; de Noceto, distingui\u00e9ndose por el car\u00e1cter exquisitamente anal\u00edtico de la selecci\u00f3n del repertorio y por la investigaci\u00f3n filol\u00f3gica en profundidad, a menudo transformando la actuaci\u00f3n en una acci\u00f3n teatral.<\/p>\n\n\n\n<p>La actividad de piano solo, la m\u00fasica de c\u00e1mara y la de conducci\u00f3n, le permitieron establecer relaciones de colaboraci\u00f3n con distintas organizaciones y asociaciones, tanto a nivel nacional como internacional.<\/p>\n\n\n\n<p>Fuente: Prensa Municipal. <\/p>\n","protected":false},"excerpt":{"rendered":"<p>El pianista italiano formado en Parma estuvo acompa\u00f1ado por los coros anfitriones: de C\u00e1mara Municipal y de Italiano &#8220;Dolce Citt\u00e1&#8221;.&hellip;<\/p>\n","protected":false},"author":3,"featured_media":4964,"comment_status":"closed","ping_status":"open","sticky":false,"template":"","format":"standard","meta":{"footnotes":""},"categories":[2],"tags":[66,67,836,247,975,988,259,864,572],"class_list":["post-4963","post","type-post","status-publish","format-standard","has-post-thumbnail","hentry","category-cultura-y-espectaculos","tag-arroyito","tag-arroyito-cordoba","tag-arroyito-online","tag-coro","tag-coro-de-camara","tag-coro-de-italiano-dolce-citta","tag-cultura","tag-cultura-y-espectaculos-online","tag-noticias-de-arroyito-y-zona"],"_links":{"self":[{"href":"https:\/\/arroyitoonline.com.ar\/index.php?rest_route=\/wp\/v2\/posts\/4963","targetHints":{"allow":["GET"]}}],"collection":[{"href":"https:\/\/arroyitoonline.com.ar\/index.php?rest_route=\/wp\/v2\/posts"}],"about":[{"href":"https:\/\/arroyitoonline.com.ar\/index.php?rest_route=\/wp\/v2\/types\/post"}],"author":[{"embeddable":true,"href":"https:\/\/arroyitoonline.com.ar\/index.php?rest_route=\/wp\/v2\/users\/3"}],"replies":[{"embeddable":true,"href":"https:\/\/arroyitoonline.com.ar\/index.php?rest_route=%2Fwp%2Fv2%2Fcomments&post=4963"}],"version-history":[{"count":1,"href":"https:\/\/arroyitoonline.com.ar\/index.php?rest_route=\/wp\/v2\/posts\/4963\/revisions"}],"predecessor-version":[{"id":4965,"href":"https:\/\/arroyitoonline.com.ar\/index.php?rest_route=\/wp\/v2\/posts\/4963\/revisions\/4965"}],"wp:featuredmedia":[{"embeddable":true,"href":"https:\/\/arroyitoonline.com.ar\/index.php?rest_route=\/wp\/v2\/media\/4964"}],"wp:attachment":[{"href":"https:\/\/arroyitoonline.com.ar\/index.php?rest_route=%2Fwp%2Fv2%2Fmedia&parent=4963"}],"wp:term":[{"taxonomy":"category","embeddable":true,"href":"https:\/\/arroyitoonline.com.ar\/index.php?rest_route=%2Fwp%2Fv2%2Fcategories&post=4963"},{"taxonomy":"post_tag","embeddable":true,"href":"https:\/\/arroyitoonline.com.ar\/index.php?rest_route=%2Fwp%2Fv2%2Ftags&post=4963"}],"curies":[{"name":"wp","href":"https:\/\/api.w.org\/{rel}","templated":true}]}}