{"id":4969,"date":"2019-08-05T15:36:18","date_gmt":"2019-08-05T15:36:18","guid":{"rendered":"https:\/\/arroyitoonline.com.ar\/?p=4969"},"modified":"2019-08-06T03:44:42","modified_gmt":"2019-08-06T03:44:42","slug":"el-ballet-municipal-nos-representa-en-espana-ya-logro-tres-exitosas-presentaciones","status":"publish","type":"post","link":"https:\/\/arroyitoonline.com.ar\/?p=4969","title":{"rendered":"El Ballet Municipal nos representa en Espa\u00f1a: ya logr\u00f3 tres exitosas presentaciones"},"content":{"rendered":"\n<p><strong>Los bailarines locales volvieron al viejo mundo despu\u00e9s de 10 a\u00f1os para su participaci\u00f3n en el Festival &#8220;Los Pueblos del Mundo&#8221;.<\/strong><\/p>\n\n\n\n<p>En estos d\u00edas, el Ballet Municipal est\u00e1 representando a la ciudad de Arroyito, en el Festival \u201cLos&nbsp; Pueblos del Mundo\u201d, que se desarrolla en la regi\u00f3n de Extremadura, Espa\u00f1a.<\/p>\n\n\n\n<p>Se trata de una maravillosa experiencia. Despu\u00e9s de 10 a\u00f1os, los talentosos bailarines locales volvieron al viejo mundo, y ya tuvieron tres exitosas presentaciones: durante la gala inaugural en la ciudad de Montehermoso, la segunda en Olivenza y, el pasado domingo, en Jara\u00edz de la Vera, donde fueron recibidos por un imponente marco de p\u00fablico.<\/p>\n\n\n\n<p>Fuente: Prensa Municipal. <\/p>\n","protected":false},"excerpt":{"rendered":"<p>Los bailarines locales volvieron al viejo mundo despu\u00e9s de 10 a\u00f1os para su participaci\u00f3n en el Festival &#8220;Los Pueblos del&hellip;<\/p>\n","protected":false},"author":3,"featured_media":4970,"comment_status":"closed","ping_status":"open","sticky":false,"template":"","format":"standard","meta":{"footnotes":""},"categories":[2],"tags":[66,67,836,93,158,259,864,572],"class_list":["post-4969","post","type-post","status-publish","format-standard","has-post-thumbnail","hentry","category-cultura-y-espectaculos","tag-arroyito","tag-arroyito-cordoba","tag-arroyito-online","tag-ballet-municipal","tag-casa-de-la-cultura","tag-cultura","tag-cultura-y-espectaculos-online","tag-noticias-de-arroyito-y-zona"],"_links":{"self":[{"href":"https:\/\/arroyitoonline.com.ar\/index.php?rest_route=\/wp\/v2\/posts\/4969","targetHints":{"allow":["GET"]}}],"collection":[{"href":"https:\/\/arroyitoonline.com.ar\/index.php?rest_route=\/wp\/v2\/posts"}],"about":[{"href":"https:\/\/arroyitoonline.com.ar\/index.php?rest_route=\/wp\/v2\/types\/post"}],"author":[{"embeddable":true,"href":"https:\/\/arroyitoonline.com.ar\/index.php?rest_route=\/wp\/v2\/users\/3"}],"replies":[{"embeddable":true,"href":"https:\/\/arroyitoonline.com.ar\/index.php?rest_route=%2Fwp%2Fv2%2Fcomments&post=4969"}],"version-history":[{"count":3,"href":"https:\/\/arroyitoonline.com.ar\/index.php?rest_route=\/wp\/v2\/posts\/4969\/revisions"}],"predecessor-version":[{"id":4973,"href":"https:\/\/arroyitoonline.com.ar\/index.php?rest_route=\/wp\/v2\/posts\/4969\/revisions\/4973"}],"wp:featuredmedia":[{"embeddable":true,"href":"https:\/\/arroyitoonline.com.ar\/index.php?rest_route=\/wp\/v2\/media\/4970"}],"wp:attachment":[{"href":"https:\/\/arroyitoonline.com.ar\/index.php?rest_route=%2Fwp%2Fv2%2Fmedia&parent=4969"}],"wp:term":[{"taxonomy":"category","embeddable":true,"href":"https:\/\/arroyitoonline.com.ar\/index.php?rest_route=%2Fwp%2Fv2%2Fcategories&post=4969"},{"taxonomy":"post_tag","embeddable":true,"href":"https:\/\/arroyitoonline.com.ar\/index.php?rest_route=%2Fwp%2Fv2%2Ftags&post=4969"}],"curies":[{"name":"wp","href":"https:\/\/api.w.org\/{rel}","templated":true}]}}