{"id":4974,"date":"2019-08-05T15:46:12","date_gmt":"2019-08-05T15:46:12","guid":{"rendered":"https:\/\/arroyitoonline.com.ar\/?p=4974"},"modified":"2019-08-06T03:52:25","modified_gmt":"2019-08-06T03:52:25","slug":"el-taekwondo-de-arroyito-otra-vez-en-lo-mas-alto","status":"publish","type":"post","link":"https:\/\/arroyitoonline.com.ar\/?p=4974","title":{"rendered":"El Taekwondo de Arroyito, otra vez, en lo m\u00e1s alto"},"content":{"rendered":"\n<p><strong>En un torneo realizado en Marcos Ju\u00e1rez, alumnos del Polideportivo Municipal, a cargo del profesor Manuel Navas, obtuvieron medallas y clasificaciones. <\/strong><\/p>\n\n\n\n<p>Este domingo 4 se desarroll\u00f3 un torneo de Taekwondo de car\u00e1cter nacional en Marcos Ju\u00e1rez, con\u00a0destacada actuaci\u00f3n de atletas del Polideportivo Municipal.<\/p>\n\n\n\n<p>Fueron muchas las medallas cosechadas por estos alumnos, pero la particularidad del torneo y el marco principal fueron las luchas para la obtenci\u00f3n del m\u00e1ximo galard\u00f3n provincial, la\u00a0clasificaci\u00f3n a los Juegos Evita y a los Juegos Binacionales.<\/p>\n\n\n\n<p>Los clasificados a formar parte de la delegaci\u00f3n que representar\u00e1 a C\u00f3rdoba en los Juegos Evita son: Agustina Budassi y Otto Acosta y para los juegos Binacionales a disputarse en San\u00a0Juan, entre provincias Argentinas y Chile, la clasificada fue Valentina Pecchio, quien formar\u00e1 parte, una vez m\u00e1s, del Seleccionado Provincial que enfrentar\u00e1 este compromiso, quien tambi\u00e9n\u00a0obtuvo la medalla de oro provincial en su competencia.<\/p>\n\n\n\n<p>Otras preseas obtenidas en sus respectivas categor\u00edas en este torneo fueron: Axel Lucero (Plata), Enzo Macagno (Oro), Florencia Gabotti (Oro) Thiago Gim\u00e9nez (Oro) Milagros Romitti\u00a0(Oro), Patricio Gudi\u00f1o (Oro).<\/p>\n\n\n\n<p>En este marco, el intendente Mauricio Cravero salud\u00f3 y felicit\u00f3 a los alumnos y a su profesor Manuel Navas, no solo por las medallas y las clasificaciones, sino por <em>&#8220;el gran trabajo desde la educaci\u00f3n y la contenci\u00f3n a un\u00a0grupo mayor aun de ni\u00f1os que concurren al Polideportivo Municipal a practicar este deporte&#8221;<\/em>, que, a su vez, le agradecieron al primer mandatario local <em>&#8220;por su apoyo al deporte y la posibilidad de\u00a0participar en este y otros torneos realizados&#8221;<\/em>. <\/p>\n\n\n\n<p>Fuente: Prensa Municipal. <\/p>\n","protected":false},"excerpt":{"rendered":"<p>En un torneo realizado en Marcos Ju\u00e1rez, alumnos del Polideportivo Municipal, a cargo del profesor Manuel Navas, obtuvieron medallas y&hellip;<\/p>\n","protected":false},"author":3,"featured_media":4975,"comment_status":"closed","ping_status":"open","sticky":false,"template":"","format":"standard","meta":{"footnotes":""},"categories":[3],"tags":[66,67,836,276,277,572,639,747],"class_list":["post-4974","post","type-post","status-publish","format-standard","has-post-thumbnail","hentry","category-infodeporte","tag-arroyito","tag-arroyito-cordoba","tag-arroyito-online","tag-deporte","tag-deportes","tag-noticias-de-arroyito-y-zona","tag-polideportivo-municipal","tag-taekwondo"],"_links":{"self":[{"href":"https:\/\/arroyitoonline.com.ar\/index.php?rest_route=\/wp\/v2\/posts\/4974","targetHints":{"allow":["GET"]}}],"collection":[{"href":"https:\/\/arroyitoonline.com.ar\/index.php?rest_route=\/wp\/v2\/posts"}],"about":[{"href":"https:\/\/arroyitoonline.com.ar\/index.php?rest_route=\/wp\/v2\/types\/post"}],"author":[{"embeddable":true,"href":"https:\/\/arroyitoonline.com.ar\/index.php?rest_route=\/wp\/v2\/users\/3"}],"replies":[{"embeddable":true,"href":"https:\/\/arroyitoonline.com.ar\/index.php?rest_route=%2Fwp%2Fv2%2Fcomments&post=4974"}],"version-history":[{"count":1,"href":"https:\/\/arroyitoonline.com.ar\/index.php?rest_route=\/wp\/v2\/posts\/4974\/revisions"}],"predecessor-version":[{"id":4976,"href":"https:\/\/arroyitoonline.com.ar\/index.php?rest_route=\/wp\/v2\/posts\/4974\/revisions\/4976"}],"wp:featuredmedia":[{"embeddable":true,"href":"https:\/\/arroyitoonline.com.ar\/index.php?rest_route=\/wp\/v2\/media\/4975"}],"wp:attachment":[{"href":"https:\/\/arroyitoonline.com.ar\/index.php?rest_route=%2Fwp%2Fv2%2Fmedia&parent=4974"}],"wp:term":[{"taxonomy":"category","embeddable":true,"href":"https:\/\/arroyitoonline.com.ar\/index.php?rest_route=%2Fwp%2Fv2%2Fcategories&post=4974"},{"taxonomy":"post_tag","embeddable":true,"href":"https:\/\/arroyitoonline.com.ar\/index.php?rest_route=%2Fwp%2Fv2%2Ftags&post=4974"}],"curies":[{"name":"wp","href":"https:\/\/api.w.org\/{rel}","templated":true}]}}