{"id":4980,"date":"2019-08-06T12:24:11","date_gmt":"2019-08-06T12:24:11","guid":{"rendered":"https:\/\/arroyitoonline.com.ar\/?p=4980"},"modified":"2019-08-06T12:24:13","modified_gmt":"2019-08-06T12:24:13","slug":"abriendo-telones-se-presento-la-obra-teatral-la-herencia","status":"publish","type":"post","link":"https:\/\/arroyitoonline.com.ar\/?p=4980","title":{"rendered":"Abriendo Telones: se present\u00f3 la obra teatral La Herencia"},"content":{"rendered":"\n<p><strong>En la segunda entrega de este ciclo, a cargo de la profesora Ayel\u00e9n Juan, un gran n\u00famero de espectadores aplaudi\u00f3 a los artistas. <\/strong><\/p>\n\n\n\n<p>En el marco del Proyecto Abriendo Telones, de la profesora de Teatro de la Casa de la Cultura Ayel\u00e9n Juan, el domingo 4 de agosto se present\u00f3, en el Teatrillo Municipal Jos\u00e9 F. Guarch, la obra La Herencia.<\/p>\n\n\n\n<p>En la oportunidad estuvieron presentes la viceintendente Graciela Tristany, la directora de Cultura Viviana Sam Sam y un importante n\u00famero de espectadores, que aplaudi\u00f3 de pi\u00e9 a los artistas. <\/p>\n\n\n\n<p>La Herencia es una obra en formato de corta, recorri\u00f3 varios festivales y su argumento conlleva situaciones de mucha emoci\u00f3n.<\/p>\n\n\n\n<p>La Herencia, de Andrea Bauab, est\u00e1 dirigida por Daniel Marcove, uno de los directores m\u00e1s reconocidos y prol\u00edficos que tiene el teatro independiente. Adem\u00e1s re\u00fane en escena a Martina (Flavia Vitale), Salom\u00f3n (Marcelo Serr\u00e9), Roberto (Gustavo Rey) y Yael (Iardena Stilman).<\/p>\n\n\n\n<p>Martina Almudena (Flavia Vitale) es una ingeniera agr\u00f3noma hija del due\u00f1o de 3.000 hect\u00e1reas de campos en Argentina. Se entera de que sus padres murieron en un accidente en la ruta y se presenta como \u00fanica heredera. Los secretos que se ir\u00e1n revelando all\u00ed le helar\u00e1n la sangre, le cambiar\u00e1n la vida y le abrir\u00e1n la posibilidad de un futuro ins\u00f3lito que nunca hubiera imaginado.<\/p>\n\n\n\n<p>A Martina se la nota muy dolida por la p\u00e9rdida y nerviosa sabiendo que deber\u00e1 ocuparse sola de las 3.000 hect\u00e1reas de campos que hasta hace pocos d\u00edas recorr\u00eda a diario con su padre.<\/p>\n\n\n\n<p>Triste y abatida recibe a Salom\u00f3n (Marcelo Serr\u00e9), abogado jud\u00edo y amigo \u00edntimo de su padre Roberto (Gustavo Rey). La visita parece ser una simple formalidad para Martina, ya que descuenta que en ese acto, el abogado, le enunciar\u00e1 los detalles legales, por la que se convertir\u00e1 en la \u00fanica heredera de las posesiones de sus padres.<\/p>\n\n\n\n<p>Pero muchas veces, la vida nos tiene reservadas sorpresas, que suelen llegar en los momentos m\u00e1s inoportunos. El abogado hace un anuncio, que dejar\u00e1 helada a Martina, y la seguridad de ser la \u00fanica heredera se desvanecer\u00e1 en un instante, porque se enterar\u00e1 de que tiene otra hermana, Yael (Iardena Stilman).<\/p>\n\n\n\n<p>Una historia profundamente humana, que habla de secretos familiares y de lo dif\u00edcil que resultar\u00e1 aceptar una verdad, que parece disparatada e inveros\u00edmil.<\/p>\n\n\n\n<p>En escena, Flavia Vitale es quien se lleva los mayores elogios. Interpreta a una Martina golpeada en primer t\u00e9rmino, por la dolorosa y repentina p\u00e9rdida de sus padres, y luego por un vendaval que se le viene encima, sin dar aviso. Para destacar la presencia esc\u00e9nica de Flavia, componiendo un personaje de car\u00e1cter fuerte, que se aferrar\u00e1 con todas sus fuerzas a su verdad. Su interpretaci\u00f3n es magn\u00edfica.<\/p>\n\n\n\n<p>Es muy bueno tambi\u00e9n lo de Marcelo Serr\u00e9, como abogado familiar y conocedor de la verdad, gracias a su amistad con el padre de Martina.\u00a0<\/p>\n\n\n\n<p>Para el final, Yael (Iardena Stilman) compone de manera deliciosa, un personaje de gran humanidad.<\/p>\n\n\n\n<p>Fuente: Prensa Municipal. <\/p>\n","protected":false},"excerpt":{"rendered":"<p>En la segunda entrega de este ciclo, a cargo de la profesora Ayel\u00e9n Juan, un gran n\u00famero de espectadores aplaudi\u00f3&hellip;<\/p>\n","protected":false},"author":3,"featured_media":4981,"comment_status":"closed","ping_status":"open","sticky":false,"template":"","format":"standard","meta":{"footnotes":""},"categories":[2],"tags":[1004,66,67,836,259,864,351,862,572,756],"class_list":["post-4980","post","type-post","status-publish","format-standard","has-post-thumbnail","hentry","category-cultura-y-espectaculos","tag-abriendo-telones","tag-arroyito","tag-arroyito-cordoba","tag-arroyito-online","tag-cultura","tag-cultura-y-espectaculos-online","tag-espectaculos","tag-espectaculos-online","tag-noticias-de-arroyito-y-zona","tag-teatro"],"_links":{"self":[{"href":"https:\/\/arroyitoonline.com.ar\/index.php?rest_route=\/wp\/v2\/posts\/4980","targetHints":{"allow":["GET"]}}],"collection":[{"href":"https:\/\/arroyitoonline.com.ar\/index.php?rest_route=\/wp\/v2\/posts"}],"about":[{"href":"https:\/\/arroyitoonline.com.ar\/index.php?rest_route=\/wp\/v2\/types\/post"}],"author":[{"embeddable":true,"href":"https:\/\/arroyitoonline.com.ar\/index.php?rest_route=\/wp\/v2\/users\/3"}],"replies":[{"embeddable":true,"href":"https:\/\/arroyitoonline.com.ar\/index.php?rest_route=%2Fwp%2Fv2%2Fcomments&post=4980"}],"version-history":[{"count":1,"href":"https:\/\/arroyitoonline.com.ar\/index.php?rest_route=\/wp\/v2\/posts\/4980\/revisions"}],"predecessor-version":[{"id":4982,"href":"https:\/\/arroyitoonline.com.ar\/index.php?rest_route=\/wp\/v2\/posts\/4980\/revisions\/4982"}],"wp:featuredmedia":[{"embeddable":true,"href":"https:\/\/arroyitoonline.com.ar\/index.php?rest_route=\/wp\/v2\/media\/4981"}],"wp:attachment":[{"href":"https:\/\/arroyitoonline.com.ar\/index.php?rest_route=%2Fwp%2Fv2%2Fmedia&parent=4980"}],"wp:term":[{"taxonomy":"category","embeddable":true,"href":"https:\/\/arroyitoonline.com.ar\/index.php?rest_route=%2Fwp%2Fv2%2Fcategories&post=4980"},{"taxonomy":"post_tag","embeddable":true,"href":"https:\/\/arroyitoonline.com.ar\/index.php?rest_route=%2Fwp%2Fv2%2Ftags&post=4980"}],"curies":[{"name":"wp","href":"https:\/\/api.w.org\/{rel}","templated":true}]}}