{"id":4992,"date":"2019-08-06T17:27:18","date_gmt":"2019-08-06T17:27:18","guid":{"rendered":"https:\/\/arroyitoonline.com.ar\/?p=4992"},"modified":"2019-08-06T18:24:28","modified_gmt":"2019-08-06T18:24:28","slug":"otra-vez-la-19-choque-frontal-dejo-como-saldo-una-beba-en-estado-critico","status":"publish","type":"post","link":"https:\/\/arroyitoonline.com.ar\/?p=4992","title":{"rendered":"Otra vez la 19: choque frontal dej\u00f3 como saldo una beba en estado cr\u00edtico"},"content":{"rendered":"\n<p><strong>Este mediod\u00eda chocaron de frente una Toyota Hilux y un Fiat Siena, entre Arroyito y El Fuertecito. Los tres ocupantes del auto resultaron hospitalizados. La nena de cuatro meses fue derivada a C\u00f3rdoba. <\/strong><\/p>\n\n\n\n<p>A ra\u00edz de un llamado telef\u00f3nico a la l\u00ednea de emergencias 101, la Polic\u00eda tom\u00f3 conocimiento de un accidente de tr\u00e1nsito ocurrido al mediod\u00eda, sobre la Ruta Nacional N\u00ba 19, a la altura del kil\u00f3metro 217, entre Arroyito y El Fuertecito. <\/p>\n\n\n\n<p>En el lugar se hizo presente personal de la Polic\u00eda Caminera y, en colaboraci\u00f3n, agentes de la Comisar\u00eda local. Los uniformados entrevistaron a un hombre (47), con domicilio en esta ciudad, quien manifest\u00f3 que circulaba en su Toyota Hilux blanca, por Ruta Nacional N\u00ba 19 en sentido de este a oeste y, por causas que tratan de establecerse, colision\u00f3 de manera frontal con un Fiat Siena gris.<\/p>\n\n\n\n<p>El rodado menor era conducido por un sujeto con domicilio en zona rural de Arroyito, quien iba acompa\u00f1ado por su pareja, y por su hija de cuatro meses de vida, ambas domiciliadas en Villa Concepci\u00f3n de El T\u00edo. <\/p>\n\n\n\n<figure><iframe loading=\"lazy\" src=\"https:\/\/www.facebook.com\/plugins\/post.php?href=https%3A%2F%2Fwww.facebook.com%2Fbomberosarroyito%2Fposts%2F2326706354091858&amp;width=500\" width=\"500\" height=\"789\"><\/iframe><\/figure>\n\n\n\n<p>Tambi\u00e9n llegaron al lugar Bomberos Voluntarios, quienes sacaron a los ocupantes del Siena, los cuales se encontraban atrapados en el habit\u00e1culo del auto.<\/p>\n\n\n\n<p>A continuaci\u00f3n lleg\u00f3 el servicio de emergencias local trasladando a los involucrados al Hospital Municipal Carlos J. Rodr\u00edguez. La beba, por su parte, fue derivada a la ciudad de C\u00f3rdoba en estado cr\u00edtico. <\/p>\n\n\n\n<p>Se iniciaron actuaciones, con conocimiento e intervenci\u00f3n de\nla Fiscal\u00eda de Instrucci\u00f3n de Arroyito.<\/p>\n\n\n\n<p>Fuente: informe de la oficial Principal Jesica Paz, a cargo de la Base Operativa Sur Suboficial Principal Gustavo Carlos D\u00edaz. <\/p>\n\n\n\n<p>La imagen es gentileza de Ok FM 95.5.<\/p>\n","protected":false},"excerpt":{"rendered":"<p>Este mediod\u00eda chocaron de frente una Toyota Hilux y un Fiat Siena, entre Arroyito y El Fuertecito. Los tres ocupantes&hellip;<\/p>\n","protected":false},"author":3,"featured_media":4993,"comment_status":"closed","ping_status":"open","sticky":false,"template":"","format":"standard","meta":{"footnotes":""},"categories":[824],"tags":[22,23,66,67,836,127,128,129,191,572,636,637,638,825,698,701],"class_list":["post-4992","post","type-post","status-publish","format-standard","has-post-thumbnail","hentry","category-policiales-online","tag-accidente","tag-accidentes","tag-arroyito","tag-arroyito-cordoba","tag-arroyito-online","tag-bomberos-arroyito","tag-bomberos-de-arroyito","tag-bomberos-voluntarios","tag-choque","tag-noticias-de-arroyito-y-zona","tag-policia-caminera","tag-policiales","tag-policiales-arroyito","tag-policiales-online","tag-ruta-19","tag-ruta-nacional-n-19"],"_links":{"self":[{"href":"https:\/\/arroyitoonline.com.ar\/index.php?rest_route=\/wp\/v2\/posts\/4992","targetHints":{"allow":["GET"]}}],"collection":[{"href":"https:\/\/arroyitoonline.com.ar\/index.php?rest_route=\/wp\/v2\/posts"}],"about":[{"href":"https:\/\/arroyitoonline.com.ar\/index.php?rest_route=\/wp\/v2\/types\/post"}],"author":[{"embeddable":true,"href":"https:\/\/arroyitoonline.com.ar\/index.php?rest_route=\/wp\/v2\/users\/3"}],"replies":[{"embeddable":true,"href":"https:\/\/arroyitoonline.com.ar\/index.php?rest_route=%2Fwp%2Fv2%2Fcomments&post=4992"}],"version-history":[{"count":2,"href":"https:\/\/arroyitoonline.com.ar\/index.php?rest_route=\/wp\/v2\/posts\/4992\/revisions"}],"predecessor-version":[{"id":5000,"href":"https:\/\/arroyitoonline.com.ar\/index.php?rest_route=\/wp\/v2\/posts\/4992\/revisions\/5000"}],"wp:featuredmedia":[{"embeddable":true,"href":"https:\/\/arroyitoonline.com.ar\/index.php?rest_route=\/wp\/v2\/media\/4993"}],"wp:attachment":[{"href":"https:\/\/arroyitoonline.com.ar\/index.php?rest_route=%2Fwp%2Fv2%2Fmedia&parent=4992"}],"wp:term":[{"taxonomy":"category","embeddable":true,"href":"https:\/\/arroyitoonline.com.ar\/index.php?rest_route=%2Fwp%2Fv2%2Fcategories&post=4992"},{"taxonomy":"post_tag","embeddable":true,"href":"https:\/\/arroyitoonline.com.ar\/index.php?rest_route=%2Fwp%2Fv2%2Ftags&post=4992"}],"curies":[{"name":"wp","href":"https:\/\/api.w.org\/{rel}","templated":true}]}}