{"id":5011,"date":"2019-08-09T01:29:35","date_gmt":"2019-08-09T01:29:35","guid":{"rendered":"https:\/\/arroyitoonline.com.ar\/?p=5011"},"modified":"2019-08-09T01:29:38","modified_gmt":"2019-08-09T01:29:38","slug":"nina-moya-rompe-el-molde-con-su-cura-amarilla-en-el-museo","status":"publish","type":"post","link":"https:\/\/arroyitoonline.com.ar\/?p=5011","title":{"rendered":"Nina Moya rompe el molde con su &#8220;Cura Amarilla&#8221; en el Museo"},"content":{"rendered":"\n<p><strong>La artista pl\u00e1stica irrumpe con esta Obra perform\u00e1tica, en el marco del Mercado de Arte Contempor\u00e1neo (MAC) 2019.<\/strong><\/p>\n\n\n\n<p>El s\u00e1bado 10 de agosto a las 15:00 horas, en el Patio de Artes del Museo Municipal Jos\u00e9 Domingo Mercado, la artista Nina Moya\u00a0realizar\u00e1 la performance &#8220;Cura Amarilla&#8221;, en el marco del Mercado de Arte Contempor\u00e1neo (MAC) 2019.<\/p>\n\n\n\n<p>Este evento est\u00e1 organizado en forma conjunta y simult\u00e1nea con los dem\u00e1s museos y centros culturales de la provincia de C\u00f3rdoba, teniendo como n\u00facleo neur\u00e1lgico la feria internacional en el Centro Cultural Cabildo y Plaza San Mart\u00edn de la ciudad de C\u00f3rdoba. De este modo se inscribe la ciudad como mapa territorial a recorrer y se ampl\u00edan los p\u00fablicos que son interpelados por la propuesta.<\/p>\n\n\n\n<figure class=\"wp-block-image\"><img loading=\"lazy\" decoding=\"async\" width=\"709\" height=\"723\" src=\"https:\/\/arroyitoonline.com.ar\/wp-content\/uploads\/2019\/08\/obra-perform\u00e1tica-nina-moya.jpg\" alt=\"\" class=\"wp-image-5013\" srcset=\"https:\/\/arroyitoonline.com.ar\/wp-content\/uploads\/2019\/08\/obra-perform\u00e1tica-nina-moya.jpg 709w, https:\/\/arroyitoonline.com.ar\/wp-content\/uploads\/2019\/08\/obra-perform\u00e1tica-nina-moya-294x300.jpg 294w\" sizes=\"auto, (max-width: 709px) 100vw, 709px\" \/><\/figure>\n\n\n\n<p>Por tal motivo, el Museo Municipal se hace eco de esta nueva propuesta llamada Zona Expandida, mediante la Obra Perform\u00e1tica de Andrea Nina Moya, que se extender\u00e1 hasta el 18 de agosto.<\/p>\n\n\n\n<p>Se trata de una propuesta de arte contempor\u00e1neo como met\u00e1fora que irrumpe en la exposici\u00f3n permanente y as\u00ed tensiona, interpela, incomoda o enamora, proponiendo nuevas narrativas y lenguajes alternativos de expresi\u00f3n.<\/p>\n\n\n\n<p>Fuente: Prensa Municipal. <\/p>\n","protected":false},"excerpt":{"rendered":"<p>La artista pl\u00e1stica irrumpe con esta Obra perform\u00e1tica, en el marco del Mercado de Arte Contempor\u00e1neo (MAC) 2019. El s\u00e1bado&hellip;<\/p>\n","protected":false},"author":3,"featured_media":5012,"comment_status":"closed","ping_status":"open","sticky":false,"template":"","format":"standard","meta":{"footnotes":""},"categories":[2],"tags":[66,67,836,70,244,259,864,260,930,572],"class_list":["post-5011","post","type-post","status-publish","format-standard","has-post-thumbnail","hentry","category-cultura-y-espectaculos","tag-arroyito","tag-arroyito-cordoba","tag-arroyito-online","tag-arte","tag-cordoba","tag-cultura","tag-cultura-y-espectaculos-online","tag-cultural","tag-museo-historico-municipal-jose-domingo-mercado","tag-noticias-de-arroyito-y-zona"],"_links":{"self":[{"href":"https:\/\/arroyitoonline.com.ar\/index.php?rest_route=\/wp\/v2\/posts\/5011","targetHints":{"allow":["GET"]}}],"collection":[{"href":"https:\/\/arroyitoonline.com.ar\/index.php?rest_route=\/wp\/v2\/posts"}],"about":[{"href":"https:\/\/arroyitoonline.com.ar\/index.php?rest_route=\/wp\/v2\/types\/post"}],"author":[{"embeddable":true,"href":"https:\/\/arroyitoonline.com.ar\/index.php?rest_route=\/wp\/v2\/users\/3"}],"replies":[{"embeddable":true,"href":"https:\/\/arroyitoonline.com.ar\/index.php?rest_route=%2Fwp%2Fv2%2Fcomments&post=5011"}],"version-history":[{"count":1,"href":"https:\/\/arroyitoonline.com.ar\/index.php?rest_route=\/wp\/v2\/posts\/5011\/revisions"}],"predecessor-version":[{"id":5014,"href":"https:\/\/arroyitoonline.com.ar\/index.php?rest_route=\/wp\/v2\/posts\/5011\/revisions\/5014"}],"wp:featuredmedia":[{"embeddable":true,"href":"https:\/\/arroyitoonline.com.ar\/index.php?rest_route=\/wp\/v2\/media\/5012"}],"wp:attachment":[{"href":"https:\/\/arroyitoonline.com.ar\/index.php?rest_route=%2Fwp%2Fv2%2Fmedia&parent=5011"}],"wp:term":[{"taxonomy":"category","embeddable":true,"href":"https:\/\/arroyitoonline.com.ar\/index.php?rest_route=%2Fwp%2Fv2%2Fcategories&post=5011"},{"taxonomy":"post_tag","embeddable":true,"href":"https:\/\/arroyitoonline.com.ar\/index.php?rest_route=%2Fwp%2Fv2%2Ftags&post=5011"}],"curies":[{"name":"wp","href":"https:\/\/api.w.org\/{rel}","templated":true}]}}