{"id":5015,"date":"2019-08-09T01:43:09","date_gmt":"2019-08-09T01:43:09","guid":{"rendered":"https:\/\/arroyitoonline.com.ar\/?p=5015"},"modified":"2019-08-09T01:43:14","modified_gmt":"2019-08-09T01:43:14","slug":"cravero-compartio-experiencias-de-gestion-en-salud-con-su-par-de-morteros","status":"publish","type":"post","link":"https:\/\/arroyitoonline.com.ar\/?p=5015","title":{"rendered":"Cravero comparti\u00f3 experiencias de gesti\u00f3n en Salud con su par de Morteros"},"content":{"rendered":"\n<p><strong>El m\u00e9dico Jos\u00e9 Br\u00eda particip\u00f3, junto a su equipo de sanidad, en la inauguraci\u00f3n del 2\u00ba quir\u00f3fano del Hospital Municipal y se reuni\u00f3 con funcionarios locales. <\/strong><\/p>\n\n\n\n<p>D\u00edas pasados, y en en el marco de la inauguraci\u00f3n del segundo quir\u00f3fano del Hospital Municipal Carlos J. Rodr\u00edguez, acompa\u00f1\u00f3\u00a0al intendente Mauricio Cravero, su par de la localidad de Morteros, el m\u00e9dico especialista en Otorrinolaringolog\u00eda (Nariz, garganta y o\u00eddos) Jos\u00e9 Br\u00eda.<\/p>\n\n\n\n<p>Reunidos en gabinete, los mandatarios junto a sus respectivos equipos de salud, compartieron experiencias, proyectos, avances sanitarios, entre otros temas.<\/p>\n\n\n\n<p><em>&#8220;Por estos d\u00edas nos encontramos\u00a0trabajando juntamente con otros municipios, intercambiando experiencias, desaf\u00edos y proyectos de gesti\u00f3n. En esta ocasi\u00f3n fue\u00a0salud, un tema de prioridad para nuestra gesti\u00f3n y una gran alegr\u00eda para todos los arroyitenses y la regi\u00f3n&#8221;<\/em>, dijeron desde el entorno de Cravero, al tiempo que remarcaron que <em>&#8220;Creemos y sostenemos que estamos en constante evoluci\u00f3n y debemos estar y trabajar conjuntamente no solo a nivel local si no tambi\u00e9n en la zona&#8221;<\/em>.<\/p>\n\n\n\n<p>Fuente: Prensa Municipal. <\/p>\n","protected":false},"excerpt":{"rendered":"<p>El m\u00e9dico Jos\u00e9 Br\u00eda particip\u00f3, junto a su equipo de sanidad, en la inauguraci\u00f3n del 2\u00ba quir\u00f3fano del Hospital Municipal&hellip;<\/p>\n","protected":false},"author":3,"featured_media":5016,"comment_status":"closed","ping_status":"open","sticky":false,"template":"","format":"standard","meta":{"footnotes":""},"categories":[829],"tags":[66,67,836,253,426,527,868,556,572,706],"class_list":["post-5015","post","type-post","status-publish","format-standard","has-post-thumbnail","hentry","category-municipales-online","tag-arroyito","tag-arroyito-cordoba","tag-arroyito-online","tag-cravero","tag-hospital","tag-mauricio-cravero","tag-municipales-online","tag-municipalidad-de-arroyito","tag-noticias-de-arroyito-y-zona","tag-salud"],"_links":{"self":[{"href":"https:\/\/arroyitoonline.com.ar\/index.php?rest_route=\/wp\/v2\/posts\/5015","targetHints":{"allow":["GET"]}}],"collection":[{"href":"https:\/\/arroyitoonline.com.ar\/index.php?rest_route=\/wp\/v2\/posts"}],"about":[{"href":"https:\/\/arroyitoonline.com.ar\/index.php?rest_route=\/wp\/v2\/types\/post"}],"author":[{"embeddable":true,"href":"https:\/\/arroyitoonline.com.ar\/index.php?rest_route=\/wp\/v2\/users\/3"}],"replies":[{"embeddable":true,"href":"https:\/\/arroyitoonline.com.ar\/index.php?rest_route=%2Fwp%2Fv2%2Fcomments&post=5015"}],"version-history":[{"count":1,"href":"https:\/\/arroyitoonline.com.ar\/index.php?rest_route=\/wp\/v2\/posts\/5015\/revisions"}],"predecessor-version":[{"id":5017,"href":"https:\/\/arroyitoonline.com.ar\/index.php?rest_route=\/wp\/v2\/posts\/5015\/revisions\/5017"}],"wp:featuredmedia":[{"embeddable":true,"href":"https:\/\/arroyitoonline.com.ar\/index.php?rest_route=\/wp\/v2\/media\/5016"}],"wp:attachment":[{"href":"https:\/\/arroyitoonline.com.ar\/index.php?rest_route=%2Fwp%2Fv2%2Fmedia&parent=5015"}],"wp:term":[{"taxonomy":"category","embeddable":true,"href":"https:\/\/arroyitoonline.com.ar\/index.php?rest_route=%2Fwp%2Fv2%2Fcategories&post=5015"},{"taxonomy":"post_tag","embeddable":true,"href":"https:\/\/arroyitoonline.com.ar\/index.php?rest_route=%2Fwp%2Fv2%2Ftags&post=5015"}],"curies":[{"name":"wp","href":"https:\/\/api.w.org\/{rel}","templated":true}]}}