{"id":5018,"date":"2019-08-09T02:10:05","date_gmt":"2019-08-09T02:10:05","guid":{"rendered":"https:\/\/arroyitoonline.com.ar\/?p=5018"},"modified":"2019-08-09T02:12:27","modified_gmt":"2019-08-09T02:12:27","slug":"corina-fernandez-conto-su-historia-en-el-ipem-no-329","status":"publish","type":"post","link":"https:\/\/arroyitoonline.com.ar\/?p=5018","title":{"rendered":"Corina Fern\u00e1ndez cont\u00f3 su historia en el IPEM N\u00ba 329"},"content":{"rendered":"\n<p><strong>Tras la visualizaci\u00f3n de la pel\u00edcula No me mates, basada en el caso de esta mujer v\u00edctima de violencia de g\u00e9nero, se desarroll\u00f3 una charla debate en torno a la problem\u00e1tica. <\/strong><\/p>\n\n\n\n<p>Ayer por la ma\u00f1ana, en las instalaciones del IPEM N\u00ba 329 Arq. Osvaldo Pons, la protagonista de la Pel\u00edcula No me mates, Corina Fern\u00e1ndez, cont\u00f3 su historia. <\/p>\n\n\n\n<p>En el evento, que fue auspiciado por el Municipio, estuvieron presentes la directora anfitriona, Macarena Arroyo; docentes y alumnos del establecimiento organizador; la viceintendente, Graciela Tristany; el secretario de Obras P\u00fablicas, Daniel Lafarina; la coordinadora del Consejo Municipal de la Mujer, Edith Brav\u00edn; la encargada de la oficina de Empleo y la Universidad Popular, Viviana Vercelli, y, como invitados especiales, estudiantes de la Escuela ProA local. <\/p>\n\n\n\n<p>En primer lugar, se proyect\u00f3 la pel\u00edcula No me mates, que cuenta c\u00f3mo Corina sobrevivi\u00f3 al intento de homicidio por parte de su pareja. Luego, los presentes participaron de una charla debate, en torno a al tem\u00e1tica de la violencia contra las mujeres. <\/p>\n\n\n\n<figure><iframe loading=\"lazy\" src=\"https:\/\/www.facebook.com\/plugins\/post.php?href=https%3A%2F%2Fwww.facebook.com%2FIPEM329%2Fposts%2F2405804896167809&amp;width=500\" width=\"500\" height=\"897\"><\/iframe><\/figure>\n\n\n\n<p>El caso de Corina podr\u00eda considerarse como uno de los primeros en cuanto a jurisprudencia sobre femicidio en la Rep\u00fablica Argentina. Ella sufri\u00f3 agresiones verbales que dieron pie a los maltratos f\u00edsicos. Luego, padeci\u00f3 el abandono de parte de la Justicia, ya que realiz\u00f3 80 denuncias sobre amenazas sin respuestas, hasta que fue abordada por su expareja que la hiri\u00f3 de tres disparos. Tras recuperarse del ataque, con sus dos hijas, afrontaron el proceso judicial hasta que lograron que el agresor fuera encarcelado.\u00a0<\/p>\n\n\n\n<p>A partir de su recuperaci\u00f3n, encontr\u00f3 en la ayuda a otras mujeres una manera de sobreponerse a todo lo que le hab\u00eda sucedido. As\u00ed, el director de cine Gabriel Arb\u00f3s cont\u00f3 su historia, a trav\u00e9s de la pel\u00edcula No me mates, del a\u00f1o 2016. Desde all\u00ed, Corina recorre el pa\u00eds con la propuesta de las charlas debate en torno al largometraje.<\/p>\n\n\n\n<p>Fuente: Prensa Municipal.<\/p>\n\n\n\n<p>Foto: IPEM N\u00ba 329.<\/p>\n","protected":false},"excerpt":{"rendered":"<p>Tras la visualizaci\u00f3n de la pel\u00edcula No me mates, basada en el caso de esta mujer v\u00edctima de violencia de&hellip;<\/p>\n","protected":false},"author":3,"featured_media":5020,"comment_status":"closed","ping_status":"open","sticky":false,"template":"","format":"standard","meta":{"footnotes":""},"categories":[5],"tags":[66,67,836,232,461,837,551,556,572,808,809,810],"class_list":["post-5018","post","type-post","status-publish","format-standard","has-post-thumbnail","hentry","category-infomujer","tag-arroyito","tag-arroyito-cordoba","tag-arroyito-online","tag-consejo-de-la-mujer","tag-ipem-329","tag-lafarina","tag-mujeres-arroyito","tag-municipalidad-de-arroyito","tag-noticias-de-arroyito-y-zona","tag-violencia","tag-violencia-de-genero","tag-violencia-familiar"],"_links":{"self":[{"href":"https:\/\/arroyitoonline.com.ar\/index.php?rest_route=\/wp\/v2\/posts\/5018","targetHints":{"allow":["GET"]}}],"collection":[{"href":"https:\/\/arroyitoonline.com.ar\/index.php?rest_route=\/wp\/v2\/posts"}],"about":[{"href":"https:\/\/arroyitoonline.com.ar\/index.php?rest_route=\/wp\/v2\/types\/post"}],"author":[{"embeddable":true,"href":"https:\/\/arroyitoonline.com.ar\/index.php?rest_route=\/wp\/v2\/users\/3"}],"replies":[{"embeddable":true,"href":"https:\/\/arroyitoonline.com.ar\/index.php?rest_route=%2Fwp%2Fv2%2Fcomments&post=5018"}],"version-history":[{"count":1,"href":"https:\/\/arroyitoonline.com.ar\/index.php?rest_route=\/wp\/v2\/posts\/5018\/revisions"}],"predecessor-version":[{"id":5019,"href":"https:\/\/arroyitoonline.com.ar\/index.php?rest_route=\/wp\/v2\/posts\/5018\/revisions\/5019"}],"wp:featuredmedia":[{"embeddable":true,"href":"https:\/\/arroyitoonline.com.ar\/index.php?rest_route=\/wp\/v2\/media\/5020"}],"wp:attachment":[{"href":"https:\/\/arroyitoonline.com.ar\/index.php?rest_route=%2Fwp%2Fv2%2Fmedia&parent=5018"}],"wp:term":[{"taxonomy":"category","embeddable":true,"href":"https:\/\/arroyitoonline.com.ar\/index.php?rest_route=%2Fwp%2Fv2%2Fcategories&post=5018"},{"taxonomy":"post_tag","embeddable":true,"href":"https:\/\/arroyitoonline.com.ar\/index.php?rest_route=%2Fwp%2Fv2%2Ftags&post=5018"}],"curies":[{"name":"wp","href":"https:\/\/api.w.org\/{rel}","templated":true}]}}