{"id":5028,"date":"2019-08-09T03:58:44","date_gmt":"2019-08-09T03:58:44","guid":{"rendered":"https:\/\/arroyitoonline.com.ar\/?p=5028"},"modified":"2019-08-09T04:03:55","modified_gmt":"2019-08-09T04:03:55","slug":"benedetti-le-pidio-al-comite-provincia-que-se-conforme-una-lista-de-unidad-o-convoque-la-interna","status":"publish","type":"post","link":"https:\/\/arroyitoonline.com.ar\/?p=5028","title":{"rendered":"Benedetti le pidi\u00f3 al Comit\u00e9 Provincia que se conforme una lista de unidad o convoque la interna"},"content":{"rendered":"\n<p><strong>El concejal radical ratific\u00f3 su pertenencia al espacio pol\u00edtico liderado en C\u00f3rdoba, por Ram\u00f3n Mestre, a quien le solicit\u00f3 que arbitre los medios necesarios para que el Radicalismo local resuelva su situaci\u00f3n.<\/strong><\/p>\n\n\n\n<p>Este martes 7 de agosto, Gustavo Benedetti present\u00f3 una nota al presidente del Comit\u00e9 Provincia de la Uni\u00f3n C\u00edvica Radical, Ram\u00f3n Mestre, a trav\u00e9s de la cual queda ratificada su pertenencia a ese espacio pol\u00edtico; luego de los rumores que indicaban que iba a los comicios municipales por fuera del partido.<\/p>\n\n\n\n<p>Mediante la misiva, el concejal radical y precandidato a intendente, solicit\u00f3 que se arbitren los medios para la conformaci\u00f3n de una lista de unidad o, en su defecto, que se convoque a la elecci\u00f3n interna, con los plazos legales correspondientes. <\/p>\n\n\n\n<figure class=\"wp-block-image\"><img loading=\"lazy\" decoding=\"async\" width=\"573\" height=\"892\" src=\"https:\/\/arroyitoonline.com.ar\/wp-content\/uploads\/2019\/08\/nota-benedetti-interna.jpg\" alt=\"\" class=\"wp-image-5029\" srcset=\"https:\/\/arroyitoonline.com.ar\/wp-content\/uploads\/2019\/08\/nota-benedetti-interna.jpg 573w, https:\/\/arroyitoonline.com.ar\/wp-content\/uploads\/2019\/08\/nota-benedetti-interna-193x300.jpg 193w\" sizes=\"auto, (max-width: 573px) 100vw, 573px\" \/><\/figure>\n\n\n\n<p>En el escrito, Benedetti tambi\u00e9n expres\u00f3 su preocupaci\u00f3n porque <em>&#8220;desde hace tiempo el oficialismo partidario viene promoviendo un precandidato con la caja municipal&#8221;<\/em>, y son cuatro los precandidatos, incluido \u00e9l, que aguardan una definici\u00f3n en los pocos plazos que faltan para que se conozca qui\u00e9n ser\u00e1 el que lleve el sello del Radicalismo. <\/p>\n\n\n\n<p><em>&#8220;La intenci\u00f3n nuestra es buscar el consenso, en primera instancia y sino, que se adecuen los mecanismos para una elecci\u00f3n interna, con los tiempos que corresponden, seg\u00fan carta org\u00e1nica del partido. Que sea transparente, que se fijen las escuelas y las reglas del juego, con los tiempos necesarios para que despu\u00e9s, el que gana, en el caso de ser nosotros, vamos a pedir autorizaci\u00f3n para conformar un frente electoral m\u00e1s amplio, donde vamos a incluir a otros sectores, otros partidos pol\u00edticos y, fundamentalmente, independientes&#8221;<\/em>, dijo el exintendente a <strong>Arroyito Online<\/strong>, cuando fue consultado al respecto. <\/p>\n\n\n\n<p>Adem\u00e1s, en el \u00faltimo p\u00e1rrafo de la carta, Benedetti se refiri\u00f3 a la existencia de encuestas realizadas tanto por su sector, como por el de Mauricio Cravero. All\u00ed afirm\u00f3 que existe una marcada diferencia entre el primero y el resto de los precandidatos de la UCR, la cual ascender\u00eda, seg\u00fan lo dicho por el propio edil en las \u00faltimas horas, a unos 20 puntos; dejando entrever que ser\u00eda \u00e9l quien lidera esos sondeos, y solicitando el urgente tratamiento del tema. <\/p>\n","protected":false},"excerpt":{"rendered":"<p>El concejal radical ratific\u00f3 su pertenencia al espacio pol\u00edtico liderado en C\u00f3rdoba, por Ram\u00f3n Mestre, a quien le solicit\u00f3 que&hellip;<\/p>\n","protected":false},"author":3,"featured_media":3969,"comment_status":"closed","ping_status":"open","sticky":false,"template":"","format":"standard","meta":{"footnotes":""},"categories":[8],"tags":[13,66,67,836,115,318,968,572,667,871],"class_list":["post-5028","post","type-post","status-publish","format-standard","has-post-thumbnail","hentry","category-politica","tag-13","tag-arroyito","tag-arroyito-cordoba","tag-arroyito-online","tag-benedetti","tag-elecciones","tag-gustavo-benedetti","tag-noticias-de-arroyito-y-zona","tag-radical","tag-radicalismo"],"_links":{"self":[{"href":"https:\/\/arroyitoonline.com.ar\/index.php?rest_route=\/wp\/v2\/posts\/5028","targetHints":{"allow":["GET"]}}],"collection":[{"href":"https:\/\/arroyitoonline.com.ar\/index.php?rest_route=\/wp\/v2\/posts"}],"about":[{"href":"https:\/\/arroyitoonline.com.ar\/index.php?rest_route=\/wp\/v2\/types\/post"}],"author":[{"embeddable":true,"href":"https:\/\/arroyitoonline.com.ar\/index.php?rest_route=\/wp\/v2\/users\/3"}],"replies":[{"embeddable":true,"href":"https:\/\/arroyitoonline.com.ar\/index.php?rest_route=%2Fwp%2Fv2%2Fcomments&post=5028"}],"version-history":[{"count":2,"href":"https:\/\/arroyitoonline.com.ar\/index.php?rest_route=\/wp\/v2\/posts\/5028\/revisions"}],"predecessor-version":[{"id":5032,"href":"https:\/\/arroyitoonline.com.ar\/index.php?rest_route=\/wp\/v2\/posts\/5028\/revisions\/5032"}],"wp:featuredmedia":[{"embeddable":true,"href":"https:\/\/arroyitoonline.com.ar\/index.php?rest_route=\/wp\/v2\/media\/3969"}],"wp:attachment":[{"href":"https:\/\/arroyitoonline.com.ar\/index.php?rest_route=%2Fwp%2Fv2%2Fmedia&parent=5028"}],"wp:term":[{"taxonomy":"category","embeddable":true,"href":"https:\/\/arroyitoonline.com.ar\/index.php?rest_route=%2Fwp%2Fv2%2Fcategories&post=5028"},{"taxonomy":"post_tag","embeddable":true,"href":"https:\/\/arroyitoonline.com.ar\/index.php?rest_route=%2Fwp%2Fv2%2Ftags&post=5028"}],"curies":[{"name":"wp","href":"https:\/\/api.w.org\/{rel}","templated":true}]}}