{"id":5049,"date":"2019-08-09T19:00:35","date_gmt":"2019-08-09T19:00:35","guid":{"rendered":"https:\/\/arroyitoonline.com.ar\/?p=5049"},"modified":"2019-08-09T19:10:30","modified_gmt":"2019-08-09T19:10:30","slug":"se-viene-el-concierto-sinfonico-2019-con-invitados-internacionales","status":"publish","type":"post","link":"https:\/\/arroyitoonline.com.ar\/?p=5049","title":{"rendered":"Se viene el Concierto Sinf\u00f3nico 2019, con invitados internacionales"},"content":{"rendered":"\n<p><strong>La Banda Sinf\u00f3nica Municipal har\u00e1 su presentaci\u00f3n anual, con la presencia de la canadiense Erin Bodnar y el estadounidense Casey Maday.<\/strong><\/p>\n\n\n\n<p>Ayer por la ma\u00f1ana, en la sala de gabinete del Municipio, el intendente Mauricio Cravero junto a la directora de Cultura Viviana Sam Sam y el asesor de Cultura Gerardo Lemos, ofrecieron una conferencia de prensa para la presentaci\u00f3n del Concierto Sinf\u00f3nico 2019, y a los invitados especiales que tendr\u00e1 el evento. <\/p>\n\n\n\n<figure class=\"wp-block-image\"><img loading=\"lazy\" decoding=\"async\" width=\"1024\" height=\"1024\" src=\"https:\/\/arroyitoonline.com.ar\/wp-content\/uploads\/2019\/08\/concierto-sinf\u00f3nico-1024x1024.jpg\" alt=\"\" class=\"wp-image-5050\" srcset=\"https:\/\/arroyitoonline.com.ar\/wp-content\/uploads\/2019\/08\/concierto-sinf\u00f3nico-1024x1024.jpg 1024w, https:\/\/arroyitoonline.com.ar\/wp-content\/uploads\/2019\/08\/concierto-sinf\u00f3nico-150x150.jpg 150w, https:\/\/arroyitoonline.com.ar\/wp-content\/uploads\/2019\/08\/concierto-sinf\u00f3nico-300x300.jpg 300w, https:\/\/arroyitoonline.com.ar\/wp-content\/uploads\/2019\/08\/concierto-sinf\u00f3nico-768x768.jpg 768w, https:\/\/arroyitoonline.com.ar\/wp-content\/uploads\/2019\/08\/concierto-sinf\u00f3nico.jpg 1190w\" sizes=\"auto, (max-width: 1024px) 100vw, 1024px\" \/><\/figure>\n\n\n\n<figure><iframe loading=\"lazy\" src=\"https:\/\/www.facebook.com\/plugins\/video.php?href=https%3A%2F%2Fwww.facebook.com%2Farroyitoonlineoficial%2Fvideos%2F442666836579039%2F&amp;show_text=0&amp;width=560\" width=\"560\" height=\"315\" allowfullscreen=\"true\"><\/iframe><\/figure>\n\n\n\n<p>En el acontecimiento, que se desarrollar\u00e1 este s\u00e1bado 10 de agosto a las 20:15 horas en la Parroquia Nuestra Se\u00f1ora de la Merced, la Banda Sinf\u00f3nica Municipal har\u00e1 su presentaci\u00f3n anual, que contar\u00e1 con la participaci\u00f3n de la directora de Orquesta de Canad\u00e1 Erin Bodnar y el trombonista principal de la Orquesta Sinf\u00f3nica de la \u00d3pera de Sarasota y la Orquesta Sinf\u00f3nica de Des Moines de EEUU, Casay Maday.<\/p>\n\n\n\n<p>La entrada ser\u00e1 libre y gratuita.<\/p>\n\n\n\n<p>Fuente: Prensa Municipal. <\/p>\n","protected":false},"excerpt":{"rendered":"<p>La Banda Sinf\u00f3nica Municipal har\u00e1 su presentaci\u00f3n anual, con la presencia de la canadiense Erin Bodnar y el estadounidense Casey&hellip;<\/p>\n","protected":false},"author":3,"featured_media":5051,"comment_status":"closed","ping_status":"open","sticky":false,"template":"","format":"standard","meta":{"footnotes":""},"categories":[826],"tags":[66,67,836,99,158,259,351,862,559,572],"class_list":["post-5049","post","type-post","status-publish","format-standard","has-post-thumbnail","hentry","category-espectaculos-online","tag-arroyito","tag-arroyito-cordoba","tag-arroyito-online","tag-banda-sinfonica","tag-casa-de-la-cultura","tag-cultura","tag-espectaculos","tag-espectaculos-online","tag-musica","tag-noticias-de-arroyito-y-zona"],"_links":{"self":[{"href":"https:\/\/arroyitoonline.com.ar\/index.php?rest_route=\/wp\/v2\/posts\/5049","targetHints":{"allow":["GET"]}}],"collection":[{"href":"https:\/\/arroyitoonline.com.ar\/index.php?rest_route=\/wp\/v2\/posts"}],"about":[{"href":"https:\/\/arroyitoonline.com.ar\/index.php?rest_route=\/wp\/v2\/types\/post"}],"author":[{"embeddable":true,"href":"https:\/\/arroyitoonline.com.ar\/index.php?rest_route=\/wp\/v2\/users\/3"}],"replies":[{"embeddable":true,"href":"https:\/\/arroyitoonline.com.ar\/index.php?rest_route=%2Fwp%2Fv2%2Fcomments&post=5049"}],"version-history":[{"count":2,"href":"https:\/\/arroyitoonline.com.ar\/index.php?rest_route=\/wp\/v2\/posts\/5049\/revisions"}],"predecessor-version":[{"id":5053,"href":"https:\/\/arroyitoonline.com.ar\/index.php?rest_route=\/wp\/v2\/posts\/5049\/revisions\/5053"}],"wp:featuredmedia":[{"embeddable":true,"href":"https:\/\/arroyitoonline.com.ar\/index.php?rest_route=\/wp\/v2\/media\/5051"}],"wp:attachment":[{"href":"https:\/\/arroyitoonline.com.ar\/index.php?rest_route=%2Fwp%2Fv2%2Fmedia&parent=5049"}],"wp:term":[{"taxonomy":"category","embeddable":true,"href":"https:\/\/arroyitoonline.com.ar\/index.php?rest_route=%2Fwp%2Fv2%2Fcategories&post=5049"},{"taxonomy":"post_tag","embeddable":true,"href":"https:\/\/arroyitoonline.com.ar\/index.php?rest_route=%2Fwp%2Fv2%2Ftags&post=5049"}],"curies":[{"name":"wp","href":"https:\/\/api.w.org\/{rel}","templated":true}]}}