{"id":5054,"date":"2019-08-09T20:06:16","date_gmt":"2019-08-09T20:06:16","guid":{"rendered":"https:\/\/arroyitoonline.com.ar\/?p=5054"},"modified":"2019-08-09T20:28:22","modified_gmt":"2019-08-09T20:28:22","slug":"stia-arroyito-se-manifiesta-por-el-despido-arbitrario-de-un-trabajador","status":"publish","type":"post","link":"https:\/\/arroyitoonline.com.ar\/?p=5054","title":{"rendered":"STIA Arroyito se manifiesta por el despido &#8220;arbitrario&#8221; de un trabajador"},"content":{"rendered":"\n<p><strong>Seg\u00fan inform\u00f3 el secretario Gremial del Sindicato, Guillermo Farnochi, protestar\u00e1n por tiempo indeterminado, hasta que directivos de Arcor les den alguna respuesta. <\/strong><\/p>\n\n\n\n<p style=\"text-align:left\">Esta ma\u00f1ana, en las Porter\u00edas de Arcor, miembros de la comisi\u00f3n directiva y el cuerpo de delegados del Sindicato de Trabajadores de Industrias de la Alimentaci\u00f3n Arroyito se manifestaron y bloquearon el ingreso y el egreso de camiones a la multinacional. <\/p>\n\n\n\n<p>Desde el gremio denuncian el despido <em>&#8220;arbitrario&#8221;<\/em> de un obrero que se desempe\u00f1aba, desde hac\u00eda 14 a\u00f1os, en el sector 700 de Expedici\u00f3n; por la presunta violaci\u00f3n del art\u00edculo 212 (*) de la Ley de Contrato de Trabajo, de parte de la compa\u00f1\u00eda.<\/p>\n\n\n\n<figure class=\"wp-block-image\"><img loading=\"lazy\" decoding=\"async\" width=\"640\" height=\"480\" src=\"https:\/\/arroyitoonline.com.ar\/wp-content\/uploads\/2019\/08\/guillermo-farnochi-protesta-trabajador-despedido.jpg\" alt=\"\" class=\"wp-image-5057\" srcset=\"https:\/\/arroyitoonline.com.ar\/wp-content\/uploads\/2019\/08\/guillermo-farnochi-protesta-trabajador-despedido.jpg 640w, https:\/\/arroyitoonline.com.ar\/wp-content\/uploads\/2019\/08\/guillermo-farnochi-protesta-trabajador-despedido-300x225.jpg 300w\" sizes=\"auto, (max-width: 640px) 100vw, 640px\" \/><figcaption><em>Guillermo Farnochi durante la manifestaci\u00f3n<\/em><\/figcaption><\/figure>\n\n\n\n<p><em>&#8220;Hace dos semanas atr\u00e1s nosotros presentamos denuncia en el Ministerio de Trabajo, pedimos la reincorporaci\u00f3n del compa\u00f1ero; la patronal se niega totalmente a reubicarlo y reingresarlo, as\u00ed que nosotros estamos ac\u00e1, a ver si se acerca alg\u00fan directivo a tratar de darnos alguna soluci\u00f3n&#8221;<\/em>, dijo en FM Top 99.9, el secretario Gremial del STIA, Guillermo Farnochi. <\/p>\n\n\n\n<p><em>&#8220;Fue injusta la desvinculaci\u00f3n de un trabajador que se lesion\u00f3 trabajando, tuvo una hernia de disco, el m\u00e9dico le indic\u00f3 tareas adecuadas y la empresa aduce que no le sirve m\u00e1s dentro de la planta, que no tienen tareas para \u00e9l y que no tienen lugar para reubicarlo; siendo que todos los trabajadores y el sindicato somos conscientes de que tienen lugar adentro de la empresa. Tratamos por medio del di\u00e1logo llegar a un buen puerto, pero se niegan a todo tipo de negociaci\u00f3n y menos a un reingreso&#8221;<\/em>, remarc\u00f3 el gremialista. <\/p>\n\n\n\n<p>Adem\u00e1s, el sindicalista se\u00f1al\u00f3 que <em>&#8220;Est\u00e1n buscando cualquier excusa para tratar de desvincular gente, trabajadores, y esta es una de las causales, cuando nosotros sabemos que tienen lugares donde reubicarlos y tratar de bancarlos dentro de la empresa, cuando no es una patolog\u00eda que no se puede llegar a mejorar, y hay trabajos m\u00e9dicos que llegan a solucionar mucho estos problemas y los trabajadores puedan prestar servicios normalmente. Ellos no est\u00e1n interesados en bancar a nadie y no le dan tiempo a que se cure nadie tampoco&#8221;<\/em>. <\/p>\n\n\n\n<p>Por \u00faltimo, y respecto a la presencia de seis o siete polic\u00edas custodiando los ingresos a la multinacional, donde se realizaba la manifestaci\u00f3n pac\u00edfica, Farnochi asever\u00f3 que <em>&#8220;Cuando te roban, lo primero que te dicen es que no pueden actuar de oficio, y ac\u00e1 en el corte pac\u00edfico de una porter\u00eda de Arcor s\u00ed est\u00e1n habilitados para actuar de oficio, con intenciones de desalojarnos. Parece que cuidan m\u00e1s la producci\u00f3n de Arcor, que al ciudadano&#8221;<\/em>. <\/p>\n\n\n\n<p><em>(*)Art\u00edculo 212. \u2014Reincorporaci\u00f3n.<\/em><\/p>\n\n\n\n<p>Vigente el plazo de conservaci\u00f3n del empleo, si del accidente o enfermedad resultase una disminuci\u00f3n definitiva en la capacidad laboral del trabajador y \u00e9ste no estuviere en condiciones de realizar las tareas que anteriormente cumpl\u00eda, el empleador deber\u00e1 asignarle otras que pueda ejecutar sin disminuci\u00f3n de su remuneraci\u00f3n.<\/p>\n\n\n\n<p>Si el empleador no pudiera dar cumplimiento a esta obligaci\u00f3n por causa que no le fuere imputable, deber\u00e1 abonar al trabajador una indemnizaci\u00f3n igual a la prevista en el art\u00edculo 247 de esta ley.<\/p>\n\n\n\n<p>Si estando en condiciones de hacerlo no le asignare tareas compatibles con la aptitud f\u00edsica o ps\u00edquica del trabajador, estar\u00e1 obligado a abonarle una indemnizaci\u00f3n igual a la establecida en el art\u00edculo 245 de esta ley.<\/p>\n\n\n\n<p>Cuando de la enfermedad o accidente se derivara incapacidad absoluta para el trabajador, el empleador deber\u00e1 abonarle una indemnizaci\u00f3n de monto igual a la expresada en el art\u00edculo 245 de esta ley.<\/p>\n\n\n\n<p>Este beneficio no es incompatible y se acumula con los que los estatutos especiales o convenios colectivos puedan disponer para tal supuesto.<\/p>\n","protected":false},"excerpt":{"rendered":"<p>Seg\u00fan inform\u00f3 el secretario Gremial del Sindicato, Guillermo Farnochi, protestar\u00e1n por tiempo indeterminado, hasta que directivos de Arcor les den&hellip;<\/p>\n","protected":false},"author":3,"featured_media":5055,"comment_status":"closed","ping_status":"open","sticky":false,"template":"","format":"standard","meta":{"footnotes":""},"categories":[926],"tags":[66,67,836,284,572,927,735,736,741,768],"class_list":["post-5054","post","type-post","status-publish","format-standard","has-post-thumbnail","hentry","category-sindicales","tag-arroyito","tag-arroyito-cordoba","tag-arroyito-online","tag-despidos","tag-noticias-de-arroyito-y-zona","tag-sindicales-online","tag-sindicato","tag-sindicatos","tag-stia","tag-trabajo"],"_links":{"self":[{"href":"https:\/\/arroyitoonline.com.ar\/index.php?rest_route=\/wp\/v2\/posts\/5054","targetHints":{"allow":["GET"]}}],"collection":[{"href":"https:\/\/arroyitoonline.com.ar\/index.php?rest_route=\/wp\/v2\/posts"}],"about":[{"href":"https:\/\/arroyitoonline.com.ar\/index.php?rest_route=\/wp\/v2\/types\/post"}],"author":[{"embeddable":true,"href":"https:\/\/arroyitoonline.com.ar\/index.php?rest_route=\/wp\/v2\/users\/3"}],"replies":[{"embeddable":true,"href":"https:\/\/arroyitoonline.com.ar\/index.php?rest_route=%2Fwp%2Fv2%2Fcomments&post=5054"}],"version-history":[{"count":2,"href":"https:\/\/arroyitoonline.com.ar\/index.php?rest_route=\/wp\/v2\/posts\/5054\/revisions"}],"predecessor-version":[{"id":5058,"href":"https:\/\/arroyitoonline.com.ar\/index.php?rest_route=\/wp\/v2\/posts\/5054\/revisions\/5058"}],"wp:featuredmedia":[{"embeddable":true,"href":"https:\/\/arroyitoonline.com.ar\/index.php?rest_route=\/wp\/v2\/media\/5055"}],"wp:attachment":[{"href":"https:\/\/arroyitoonline.com.ar\/index.php?rest_route=%2Fwp%2Fv2%2Fmedia&parent=5054"}],"wp:term":[{"taxonomy":"category","embeddable":true,"href":"https:\/\/arroyitoonline.com.ar\/index.php?rest_route=%2Fwp%2Fv2%2Fcategories&post=5054"},{"taxonomy":"post_tag","embeddable":true,"href":"https:\/\/arroyitoonline.com.ar\/index.php?rest_route=%2Fwp%2Fv2%2Ftags&post=5054"}],"curies":[{"name":"wp","href":"https:\/\/api.w.org\/{rel}","templated":true}]}}