{"id":5067,"date":"2019-08-12T02:59:10","date_gmt":"2019-08-12T02:59:10","guid":{"rendered":"https:\/\/arroyitoonline.com.ar\/?p=5067"},"modified":"2019-08-12T17:22:36","modified_gmt":"2019-08-12T17:22:36","slug":"en-arroyito-siguen-juntos-por-el-cambio-macri-le-saco-33-puntos-a-fernandez","status":"publish","type":"post","link":"https:\/\/arroyitoonline.com.ar\/?p=5067","title":{"rendered":"En Arroyito siguen &#8220;Juntos por el Cambio&#8221;: Macri le sac\u00f3 33 puntos a Fern\u00e1ndez"},"content":{"rendered":"\n<p><strong>As\u00ed lo ratific\u00f3 el intendente Mauricio Cravero, en conferencia de prensa, donde calific\u00f3 de magn\u00edfica, la elecci\u00f3n a nivel local, de la f\u00f3rmula oficialista.<\/strong><\/p>\n\n\n\n<p>Aunque a nivel pa\u00eds los resultados de las Primarias Abiertas Simult\u00e1neas y Obligatorias (PASO) 2019 hayan llegado pasadas las 22:30 horas del domingo, previo reconocimiento de la derrota por parte del presidente Macri, en Arroyito los datos finales ya estaban disponibles a las 21:30.<\/p>\n\n\n\n<p>El centro de c\u00f3mputos de Juntos por el Cambio, que funcion\u00f3 en el Comit\u00e9 de la Uni\u00f3n C\u00edvica Radical, y estuvo a cargo de Gustavo Pecchio, Marcela Ferreyra, Daniel Lafarina y Viviana Vercelli, confirm\u00f3 a los medios de comunicaci\u00f3n la victoria del presidente de la Naci\u00f3n en esta localidad. <\/p>\n\n\n\n<p>A medida que ingresaban los n\u00fameros de las mesas, la diferencia se tornaba irreversible. De los resultados oficiales se desprende que la participaci\u00f3n alcanz\u00f3 el 76,07%, un total de 15.778 electores, de 20.739 que integraban el padr\u00f3n. Juntos Por el Cambio, que llev\u00f3 a la f\u00f3rmula Mauricio Macri\u2013Miguel Pichetto, obtuvo en la dulce ciudad, uno de sus bastiones a nivel nacional, 8.746 votos (56,33%).<\/p>\n\n\n\n<p>Por su parte, el binomio del Frente de Todos (lista Celeste y Blanca), Alberto Fern\u00e1ndez\u2013Cristina Fern\u00e1ndez, logr\u00f3 3.432 sufragios (22,10%).<\/p>\n\n\n\n<p>Detr\u00e1s quedaron Roberto Lavagna\u2013Juan Manuel Urtubey (Consenso para el Futuro \/ Consenso Federal) con 1.216 (7,83%); Juan G\u00f3mez Centuri\u00f3n\u2013Cyntia Hotton (Frente NOS \/ Celeste 2019), 621 (4,00%); Jos\u00e9 Luis Espert\u2013Luis Rosales (Unite por la Libertad y la Dignidad \/ Despertar), 464 (2,98%); Nicol\u00e1s Del Ca\u00f1o\u2013Romina Del Pla (Frente de Izquierda y de Trabajadores \/ Unidad), 272 (1,75%); Manuela Casta\u00f1eira\u2013Eduardo Mulhall (Movimiento al Socialismo \/ Unidad de la Izquierda), 114 (0,73%); Ra\u00fal Albarrac\u00edn\u2013Sergio Pastore (Movimiento de Acci\u00f3n Vecinal \/ Compromiso Vecinal), 49 (0,31%); Alejandro Biondini\u2013Enrique Venturino (Frente Patriota \/ Celeste), 31 (0,19%) y Jos\u00e9 Romero\u2013Guillermo Sueldo (Partido Autonomista \/ Valores y Experiencia), 14 (0,09%). Se registraron 566 votos en Blanco y 253 sufragios nulos. <\/p>\n\n\n\n<div class=\"wp-block-image\"><figure class=\"aligncenter\"><img loading=\"lazy\" decoding=\"async\" width=\"566\" height=\"580\" src=\"https:\/\/arroyitoonline.com.ar\/wp-content\/uploads\/2019\/08\/resultados-arroyito.png\" alt=\"\" class=\"wp-image-5073\" srcset=\"https:\/\/arroyitoonline.com.ar\/wp-content\/uploads\/2019\/08\/resultados-arroyito.png 566w, https:\/\/arroyitoonline.com.ar\/wp-content\/uploads\/2019\/08\/resultados-arroyito-293x300.png 293w\" sizes=\"auto, (max-width: 566px) 100vw, 566px\" \/><figcaption><em>Los resultados oficiales en Arroyito aportados por la Direcci\u00f3n Nacional Electoral<\/em><\/figcaption><\/figure><\/div>\n\n\n\n<p> <em>&#8220;Juntos por el Cambio en Arroyito ha hecho una elecci\u00f3n magn\u00edfica&#8221;<\/em>, ratific\u00f3 el intendente Mauricio Cravero en conferencia de prensa, pasadas las 21:00. En ese marco, el primer mandatario confirm\u00f3 que, durante los comicios, trabajaron m\u00e1s de 120 fiscales -la mitad j\u00f3venes-, en su mayor\u00eda aportados por el Radicalismo, quienes colaboraron en forma voluntaria y ad honorem.  <\/p>\n\n\n\n<figure class=\"wp-block-embed-facebook wp-block-embed is-type-video is-provider-facebook\"><div class=\"wp-block-embed__wrapper\">\nhttps:\/\/www.facebook.com\/arroyitoonlineoficial\/videos\/220936292144422\/\n<\/div><\/figure>\n\n\n\n<p>Adem\u00e1s, el jefe municipal explic\u00f3 que, si tuviese que analizar solo el resultado de Mauricio Macri en Arroyito, <em>&#8220;nosotros deber\u00edamos pegar la elecci\u00f3n local a la nacional&#8221;<\/em>, pero que no van a apurarse porque est\u00e1n cumpliendo de forma taxativa el c\u00f3digo electoral <em>&#8220;que heredamos&#8221;<\/em>, escuchar\u00e1n a las otras l\u00edneas, y la fecha ser\u00e1 anunciada antes de que termine el mes de agosto.<\/p>\n\n\n\n<p><em>Agradecemos los primeros datos recibidos, al centro de c\u00f3mputos de Juntos por el Cambio.&nbsp;Resultados&nbsp;finales:&nbsp;Direcci\u00f3n&nbsp;Nacional&nbsp;Electoral.<\/em><\/p>\n","protected":false},"excerpt":{"rendered":"<p>As\u00ed lo ratific\u00f3 el intendente Mauricio Cravero, en conferencia de prensa, donde calific\u00f3 de magn\u00edfica, la elecci\u00f3n a nivel local,&hellip;<\/p>\n","protected":false},"author":3,"featured_media":5068,"comment_status":"closed","ping_status":"open","sticky":false,"template":"","format":"standard","meta":{"footnotes":""},"categories":[8],"tags":[13,66,67,836,253,318,511,527,572,606,640],"class_list":["post-5067","post","type-post","status-publish","format-standard","has-post-thumbnail","hentry","category-politica","tag-13","tag-arroyito","tag-arroyito-cordoba","tag-arroyito-online","tag-cravero","tag-elecciones","tag-macri","tag-mauricio-cravero","tag-noticias-de-arroyito-y-zona","tag-paso","tag-politica"],"_links":{"self":[{"href":"https:\/\/arroyitoonline.com.ar\/index.php?rest_route=\/wp\/v2\/posts\/5067","targetHints":{"allow":["GET"]}}],"collection":[{"href":"https:\/\/arroyitoonline.com.ar\/index.php?rest_route=\/wp\/v2\/posts"}],"about":[{"href":"https:\/\/arroyitoonline.com.ar\/index.php?rest_route=\/wp\/v2\/types\/post"}],"author":[{"embeddable":true,"href":"https:\/\/arroyitoonline.com.ar\/index.php?rest_route=\/wp\/v2\/users\/3"}],"replies":[{"embeddable":true,"href":"https:\/\/arroyitoonline.com.ar\/index.php?rest_route=%2Fwp%2Fv2%2Fcomments&post=5067"}],"version-history":[{"count":9,"href":"https:\/\/arroyitoonline.com.ar\/index.php?rest_route=\/wp\/v2\/posts\/5067\/revisions"}],"predecessor-version":[{"id":5089,"href":"https:\/\/arroyitoonline.com.ar\/index.php?rest_route=\/wp\/v2\/posts\/5067\/revisions\/5089"}],"wp:featuredmedia":[{"embeddable":true,"href":"https:\/\/arroyitoonline.com.ar\/index.php?rest_route=\/wp\/v2\/media\/5068"}],"wp:attachment":[{"href":"https:\/\/arroyitoonline.com.ar\/index.php?rest_route=%2Fwp%2Fv2%2Fmedia&parent=5067"}],"wp:term":[{"taxonomy":"category","embeddable":true,"href":"https:\/\/arroyitoonline.com.ar\/index.php?rest_route=%2Fwp%2Fv2%2Fcategories&post=5067"},{"taxonomy":"post_tag","embeddable":true,"href":"https:\/\/arroyitoonline.com.ar\/index.php?rest_route=%2Fwp%2Fv2%2Ftags&post=5067"}],"curies":[{"name":"wp","href":"https:\/\/api.w.org\/{rel}","templated":true}]}}