{"id":5076,"date":"2019-08-12T13:29:47","date_gmt":"2019-08-12T13:29:47","guid":{"rendered":"https:\/\/arroyitoonline.com.ar\/?p=5076"},"modified":"2019-08-12T13:29:48","modified_gmt":"2019-08-12T13:29:48","slug":"transito-discutio-rompio-vidrios-y-fue-detenido","status":"publish","type":"post","link":"https:\/\/arroyitoonline.com.ar\/?p=5076","title":{"rendered":"Tr\u00e1nsito: discuti\u00f3, rompi\u00f3 vidrios y fue detenido"},"content":{"rendered":"\n<p><strong>Dos hombres que conviven discutieron. El de 47 a\u00f1os, que habr\u00eda ocasionado los da\u00f1os, fue aprehendido por la Polic\u00eda. <\/strong><\/p>\n\n\n\n<p>El s\u00e1bado a hora 0:30, sobre calle Santa Fe al 110 de la localidad de Tr\u00e1nsito, se produjo una discusi\u00f3n entre dos hombres que viven en el mismo domicilio. Uno de ellos dio aviso a la Polic\u00eda de que el otro (47) le rompi\u00f3 el vidrio de una ventana y el parabrisas de una Peugeot Partner.<\/p>\n\n\n\n<p>Los uniformados aprehendieron y trasladaron al hombre a sede policial, donde consultaron con el magistrado de turno, quien imparti\u00f3 directivas de que el sujeto quedara alojado en la Comisar\u00eda Distrito Arroyito, por supuesto autor de da\u00f1o, quedando a disposici\u00f3n de la Fiscal\u00eda de nuestra ciudad.<\/p>\n\n\n\n<p>Fuente: informe de la oficial Principal Jesica Paz, a cargo de la Base Operativa Sur suboficial Principal Gustavo Carlos D\u00edaz. <\/p>\n\n\n\n<p>Foto de archivo, solo a modo ilustrativo.<\/p>\n","protected":false},"excerpt":{"rendered":"<p>Dos hombres que conviven discutieron. El de 47 a\u00f1os, que habr\u00eda ocasionado los da\u00f1os, fue aprehendido por la Polic\u00eda. El&hellip;<\/p>\n","protected":false},"author":3,"featured_media":3785,"comment_status":"closed","ping_status":"open","sticky":false,"template":"","format":"standard","meta":{"footnotes":""},"categories":[824],"tags":[66,67,836,270,572,637,638,825,771],"class_list":["post-5076","post","type-post","status-publish","format-standard","has-post-thumbnail","hentry","category-policiales-online","tag-arroyito","tag-arroyito-cordoba","tag-arroyito-online","tag-delito","tag-noticias-de-arroyito-y-zona","tag-policiales","tag-policiales-arroyito","tag-policiales-online","tag-transito"],"_links":{"self":[{"href":"https:\/\/arroyitoonline.com.ar\/index.php?rest_route=\/wp\/v2\/posts\/5076","targetHints":{"allow":["GET"]}}],"collection":[{"href":"https:\/\/arroyitoonline.com.ar\/index.php?rest_route=\/wp\/v2\/posts"}],"about":[{"href":"https:\/\/arroyitoonline.com.ar\/index.php?rest_route=\/wp\/v2\/types\/post"}],"author":[{"embeddable":true,"href":"https:\/\/arroyitoonline.com.ar\/index.php?rest_route=\/wp\/v2\/users\/3"}],"replies":[{"embeddable":true,"href":"https:\/\/arroyitoonline.com.ar\/index.php?rest_route=%2Fwp%2Fv2%2Fcomments&post=5076"}],"version-history":[{"count":1,"href":"https:\/\/arroyitoonline.com.ar\/index.php?rest_route=\/wp\/v2\/posts\/5076\/revisions"}],"predecessor-version":[{"id":5077,"href":"https:\/\/arroyitoonline.com.ar\/index.php?rest_route=\/wp\/v2\/posts\/5076\/revisions\/5077"}],"wp:featuredmedia":[{"embeddable":true,"href":"https:\/\/arroyitoonline.com.ar\/index.php?rest_route=\/wp\/v2\/media\/3785"}],"wp:attachment":[{"href":"https:\/\/arroyitoonline.com.ar\/index.php?rest_route=%2Fwp%2Fv2%2Fmedia&parent=5076"}],"wp:term":[{"taxonomy":"category","embeddable":true,"href":"https:\/\/arroyitoonline.com.ar\/index.php?rest_route=%2Fwp%2Fv2%2Fcategories&post=5076"},{"taxonomy":"post_tag","embeddable":true,"href":"https:\/\/arroyitoonline.com.ar\/index.php?rest_route=%2Fwp%2Fv2%2Ftags&post=5076"}],"curies":[{"name":"wp","href":"https:\/\/api.w.org\/{rel}","templated":true}]}}