{"id":5078,"date":"2019-08-12T13:58:58","date_gmt":"2019-08-12T13:58:58","guid":{"rendered":"https:\/\/arroyitoonline.com.ar\/?p=5078"},"modified":"2019-08-12T14:52:27","modified_gmt":"2019-08-12T14:52:27","slug":"joven-de-16-anos-amenazo-y-golpeo-a-un-policia-que-quiso-tranquilizarlo","status":"publish","type":"post","link":"https:\/\/arroyitoonline.com.ar\/?p=5078","title":{"rendered":"Joven de 16 a\u00f1os amenaz\u00f3 y golpe\u00f3 a un Polic\u00eda que quiso tranquilizarlo"},"content":{"rendered":"\n<p><strong>El sujeto, domiciliado en Tr\u00e1nsito, se encontraba alterado. Fue aprehendido por un uniformado, pero el Juzgado de Menores orden\u00f3 que sea entregado a sus padres.<\/strong><\/p>\n\n\n\n<p>El s\u00e1bado a las seis de la ma\u00f1ana, mientras personal policial se encontraba en la intersecci\u00f3n de las avenidas Fulvio Pagani y Av. Caretto, observ\u00f3 a un joven que se mostraba alterado.<\/p>\n\n\n\n<p>Acto seguido, el polic\u00eda le solicit\u00f3 al sujeto que se tranquilizara. Pero, lejos de hacerlo, el chico pronunci\u00f3 amenazas y propin\u00f3 golpes de pu\u00f1o al uniformado actuante, quien lo redujo y lo traslad\u00f3 a la Comisar\u00eda Distrito Arroyito donde fue identificado, siendo de la localidad de Transito, de 16 a\u00f1os.<\/p>\n\n\n\n<p>Se hizo entrega del procedimiento en la Unidad Judicial local, donde consultaron directivas al Juzgado de Menores, quien imparti\u00f3 que sea entregado a sus progenitores.<\/p>\n\n\n\n<p>Se hizo entrega del procedimiento en la Unidad Judicial loca\u00f1, donde consultaron directivas al Juzgado de Menores, quien imparti\u00f3 que sea entregado a sus progenitores.<\/p>\n\n\n\n<p>Fuente: informe de la oficial Principal Jesica Paz, a cargo de la Base Operativa Sur suboficial Principal Gustavo Carlos D\u00edaz. <\/p>\n","protected":false},"excerpt":{"rendered":"<p>El sujeto, domiciliado en Tr\u00e1nsito, se encontraba alterado. Fue aprehendido por un uniformado, pero el Juzgado de Menores orden\u00f3 que&hellip;<\/p>\n","protected":false},"author":3,"featured_media":2723,"comment_status":"closed","ping_status":"open","sticky":false,"template":"","format":"standard","meta":{"footnotes":""},"categories":[824],"tags":[921,66,67,836,530,572,635,637,638,825],"class_list":["post-5078","post","type-post","status-publish","format-standard","has-post-thumbnail","hentry","category-policiales-online","tag-amenaza","tag-arroyito","tag-arroyito-cordoba","tag-arroyito-online","tag-menores","tag-noticias-de-arroyito-y-zona","tag-policia","tag-policiales","tag-policiales-arroyito","tag-policiales-online"],"_links":{"self":[{"href":"https:\/\/arroyitoonline.com.ar\/index.php?rest_route=\/wp\/v2\/posts\/5078","targetHints":{"allow":["GET"]}}],"collection":[{"href":"https:\/\/arroyitoonline.com.ar\/index.php?rest_route=\/wp\/v2\/posts"}],"about":[{"href":"https:\/\/arroyitoonline.com.ar\/index.php?rest_route=\/wp\/v2\/types\/post"}],"author":[{"embeddable":true,"href":"https:\/\/arroyitoonline.com.ar\/index.php?rest_route=\/wp\/v2\/users\/3"}],"replies":[{"embeddable":true,"href":"https:\/\/arroyitoonline.com.ar\/index.php?rest_route=%2Fwp%2Fv2%2Fcomments&post=5078"}],"version-history":[{"count":1,"href":"https:\/\/arroyitoonline.com.ar\/index.php?rest_route=\/wp\/v2\/posts\/5078\/revisions"}],"predecessor-version":[{"id":5079,"href":"https:\/\/arroyitoonline.com.ar\/index.php?rest_route=\/wp\/v2\/posts\/5078\/revisions\/5079"}],"wp:featuredmedia":[{"embeddable":true,"href":"https:\/\/arroyitoonline.com.ar\/index.php?rest_route=\/wp\/v2\/media\/2723"}],"wp:attachment":[{"href":"https:\/\/arroyitoonline.com.ar\/index.php?rest_route=%2Fwp%2Fv2%2Fmedia&parent=5078"}],"wp:term":[{"taxonomy":"category","embeddable":true,"href":"https:\/\/arroyitoonline.com.ar\/index.php?rest_route=%2Fwp%2Fv2%2Fcategories&post=5078"},{"taxonomy":"post_tag","embeddable":true,"href":"https:\/\/arroyitoonline.com.ar\/index.php?rest_route=%2Fwp%2Fv2%2Ftags&post=5078"}],"curies":[{"name":"wp","href":"https:\/\/api.w.org\/{rel}","templated":true}]}}