{"id":5087,"date":"2019-08-12T17:27:59","date_gmt":"2019-08-12T17:27:59","guid":{"rendered":"https:\/\/arroyitoonline.com.ar\/?p=5087"},"modified":"2019-08-12T17:28:05","modified_gmt":"2019-08-12T17:28:05","slug":"juntos-por-el-cambio-tambien-se-impuso-en-el-fuertecito","status":"publish","type":"post","link":"https:\/\/arroyitoonline.com.ar\/?p=5087","title":{"rendered":"Juntos por el Cambio tambi\u00e9n se impuso en El Fuertecito"},"content":{"rendered":"\n<p><strong>Si bien consigui\u00f3 seis puntos menos que en Arroyito, el vecino paraje prefiri\u00f3 a la f\u00f3rmula Mauricio Macri\u2013Miguel Pichetto.<\/strong><\/p>\n\n\n\n<p>Ayer, la Escuela Almirante Brown de El Fuertecito dispuso dos mesas para 366 electores, de los cuales sufragaron 269, un 73,49% del padr\u00f3n. <\/p>\n\n\n\n<p>El resultado, si bien fue contundente, result\u00f3 menos abultado que en Arroyito. Juntos Por el Cambio, que llev\u00f3 a la f\u00f3rmula Mauricio Macri\u2013Miguel Pichetto, obtuvo 129 votos (50,98%), seis puntos menos que en la dulce ciudad.<\/p>\n\n\n\n<p>Por su parte, el binomio del Frente de Todos (lista Celeste y Blanca), Alberto Fern\u00e1ndez\u2013Cristina Fern\u00e1ndez, logr\u00f3 74 sufragios (29,24%), siete puntos porcentuales m\u00e1s que en nuestra localidad.<\/p>\n\n\n\n<p>Detr\u00e1s quedaron Roberto Lavagna\u2013Juan Manuel Urtubey (Consenso para el Futuro \/ Consenso Federal) con 14 (5,53%); Juan G\u00f3mez Centuri\u00f3n\u2013Cyntia Hotton (Frente NOS \/ Celeste 2019), nueve (3,55%); Manuela Casta\u00f1eira\u2013Eduardo Mulhall (Movimiento al Socialismo \/ Unidad de la Izquierda), cuatro (1,58%) Jos\u00e9 Luis Espert\u2013Luis Rosales (Unite por la Libertad y la Dignidad \/ Despertar), tres (1,18%); Nicol\u00e1s Del Ca\u00f1o\u2013Romina Del Pla (Frente de Izquierda y de Trabajadores \/ Unidad), dos (0,79%); Jos\u00e9 Romero\u2013Guillermo Sueldo (Partido Autonomista \/ Valores y Experiencia), uno (0,39%); Alejandro Biondini\u2013Enrique Venturino (Frente Patriota \/ Celeste), uno (0,39%), y Ra\u00fal Albarrac\u00edn\u2013Sergio Pastore (Movimiento de Acci\u00f3n Vecinal \/ Compromiso Vecinal), uno (0,39%). Se registraron 15 votos en blanco y 16 sufragios nulos.<\/p>\n\n\n\n<p><em>Los datos corresponden a la Direcci\u00f3n Nacional Electoral. <\/em><\/p>\n","protected":false},"excerpt":{"rendered":"<p>Si bien consigui\u00f3 seis puntos menos que en Arroyito, el vecino paraje prefiri\u00f3 a la f\u00f3rmula Mauricio Macri\u2013Miguel Pichetto. Ayer,&hellip;<\/p>\n","protected":false},"author":3,"featured_media":5090,"comment_status":"closed","ping_status":"open","sticky":false,"template":"","format":"standard","meta":{"footnotes":""},"categories":[8],"tags":[13,1012,66,67,836,991,315,318,511,572,640],"class_list":["post-5087","post","type-post","status-publish","format-standard","has-post-thumbnail","hentry","category-politica","tag-13","tag-alberto-fernandez","tag-arroyito","tag-arroyito-cordoba","tag-arroyito-online","tag-cristina-fernandez-de-kirchner","tag-el-fuertecito","tag-elecciones","tag-macri","tag-noticias-de-arroyito-y-zona","tag-politica"],"_links":{"self":[{"href":"https:\/\/arroyitoonline.com.ar\/index.php?rest_route=\/wp\/v2\/posts\/5087","targetHints":{"allow":["GET"]}}],"collection":[{"href":"https:\/\/arroyitoonline.com.ar\/index.php?rest_route=\/wp\/v2\/posts"}],"about":[{"href":"https:\/\/arroyitoonline.com.ar\/index.php?rest_route=\/wp\/v2\/types\/post"}],"author":[{"embeddable":true,"href":"https:\/\/arroyitoonline.com.ar\/index.php?rest_route=\/wp\/v2\/users\/3"}],"replies":[{"embeddable":true,"href":"https:\/\/arroyitoonline.com.ar\/index.php?rest_route=%2Fwp%2Fv2%2Fcomments&post=5087"}],"version-history":[{"count":1,"href":"https:\/\/arroyitoonline.com.ar\/index.php?rest_route=\/wp\/v2\/posts\/5087\/revisions"}],"predecessor-version":[{"id":5091,"href":"https:\/\/arroyitoonline.com.ar\/index.php?rest_route=\/wp\/v2\/posts\/5087\/revisions\/5091"}],"wp:featuredmedia":[{"embeddable":true,"href":"https:\/\/arroyitoonline.com.ar\/index.php?rest_route=\/wp\/v2\/media\/5090"}],"wp:attachment":[{"href":"https:\/\/arroyitoonline.com.ar\/index.php?rest_route=%2Fwp%2Fv2%2Fmedia&parent=5087"}],"wp:term":[{"taxonomy":"category","embeddable":true,"href":"https:\/\/arroyitoonline.com.ar\/index.php?rest_route=%2Fwp%2Fv2%2Fcategories&post=5087"},{"taxonomy":"post_tag","embeddable":true,"href":"https:\/\/arroyitoonline.com.ar\/index.php?rest_route=%2Fwp%2Fv2%2Ftags&post=5087"}],"curies":[{"name":"wp","href":"https:\/\/api.w.org\/{rel}","templated":true}]}}