{"id":5099,"date":"2019-08-12T23:27:13","date_gmt":"2019-08-12T23:27:13","guid":{"rendered":"https:\/\/arroyitoonline.com.ar\/?p=5099"},"modified":"2019-08-13T02:33:26","modified_gmt":"2019-08-13T02:33:26","slug":"allanaron-un-domicilio-de-cordoba-recuperaron-elementos-robados-y-detuvieron-a-un-hombre","status":"publish","type":"post","link":"https:\/\/arroyitoonline.com.ar\/?p=5099","title":{"rendered":"Allanaron domicilio de C\u00f3rdoba, recuperaron elementos robados y detuvieron a un hombre"},"content":{"rendered":"\n<p><strong>Los objetos hab\u00edan sido sustra\u00eddos en varios hechos delictivos ocurridos en Arroyito y la capital provincial. La Polic\u00eda los recuper\u00f3 en una casa de Villa Revol. <\/strong><\/p>\n\n\n\n<p>Esta tarde a las 17:00 horas, realizaron allanamientos relacionados a actuaciones sumariales impartidas en el Destacamento Policial de Tr\u00e1nsito, los cuales fueron ordenados por la Fiscal\u00eda de Instrucci\u00f3n de Arroyito.<\/p>\n\n\n\n<p>Esas actuaciones est\u00e1n relacionadas al hecho de robo, en el que result\u00f3 damnificada una mujer de la vecina localidad.<\/p>\n\n\n\n<p>Para tal fin se hizo presente en C\u00f3rdoba, el comisario Jorge Cama\u00f1o, junto a personal de la Brigada de Investigaciones de nuestra ciudad, con colaboraci\u00f3n de uniformados de la capital provincial.<\/p>\n\n\n\n<p>En la oportunidad requisaron un domicilio ubicado en Barrio Villa Revol, arrojando resultado positivo. En el lugar secuestraron un auto Ford Focus de color gris, un reloj pulsera con malla de metal y una billetera, ambos de dama, y un comprobante de voto a nombre de la v\u00edctima. <\/p>\n\n\n\n<p>A continuaci\u00f3n secuestraron cinco habanos y un corta habanos, elementos relacionados a otro hecho de robo sucedido el 28 de julio pasado, en Arroyito.<\/p>\n\n\n\n<div class=\"wp-block-image\"><figure class=\"aligncenter\"><img loading=\"lazy\" decoding=\"async\" width=\"576\" height=\"1024\" src=\"https:\/\/arroyitoonline.com.ar\/wp-content\/uploads\/2019\/08\/IMG-20190812-WA0051-576x1024.jpg\" alt=\"\" class=\"wp-image-5106\" srcset=\"https:\/\/arroyitoonline.com.ar\/wp-content\/uploads\/2019\/08\/IMG-20190812-WA0051-576x1024.jpg 576w, https:\/\/arroyitoonline.com.ar\/wp-content\/uploads\/2019\/08\/IMG-20190812-WA0051-169x300.jpg 169w, https:\/\/arroyitoonline.com.ar\/wp-content\/uploads\/2019\/08\/IMG-20190812-WA0051.jpg 581w\" sizes=\"auto, (max-width: 576px) 100vw, 576px\" \/><figcaption><em>Los habanos secuestrados<\/em><\/figcaption><\/figure><\/div>\n\n\n\n<p>A posteriori procedieron al secuestro impostergable de un TV LED BGH de 50&#8243;, una bicicleta todo terreno marca Bianchi de color negro, dos celulares iPhone, tres relojes pulsera, una notebook HP, un par de anteojos, un joystick marca Sony, un handy inhibidor de alarmas y dos mochilas, objetos vinculados a un hecho delictivo ocurrido hoy en C\u00f3rdoba. <\/p>\n\n\n\n<p>Los encargados del operativo consultaron con la Fiscal\u00eda de turno de nuestra ciudad, que imparti\u00f3 como directiva que se aprehenda y traslade a un hombre de 40 a\u00f1os, quedando alojado por supuesto autor del delito de encubrimiento, a disposici\u00f3n de la fiscal de Instrucci\u00f3n. <\/p>\n\n\n\n<p>Fuente: informe de la oficial Principal Jesica Paz, a cargo de la Base Operativa Sur Suboficial Principal Gustavo Carlos D\u00edaz. <\/p>\n","protected":false},"excerpt":{"rendered":"<p>Los objetos hab\u00edan sido sustra\u00eddos en varios hechos delictivos ocurridos en Arroyito y la capital provincial. La Polic\u00eda los recuper\u00f3&hellip;<\/p>\n","protected":false},"author":3,"featured_media":5100,"comment_status":"closed","ping_status":"open","sticky":false,"template":"","format":"standard","meta":{"footnotes":""},"categories":[824],"tags":[47,48,66,67,836,244,572,637,638,825,693,694],"class_list":["post-5099","post","type-post","status-publish","format-standard","has-post-thumbnail","hentry","category-policiales-online","tag-allanamiento","tag-allanamientos","tag-arroyito","tag-arroyito-cordoba","tag-arroyito-online","tag-cordoba","tag-noticias-de-arroyito-y-zona","tag-policiales","tag-policiales-arroyito","tag-policiales-online","tag-robo","tag-robos"],"_links":{"self":[{"href":"https:\/\/arroyitoonline.com.ar\/index.php?rest_route=\/wp\/v2\/posts\/5099","targetHints":{"allow":["GET"]}}],"collection":[{"href":"https:\/\/arroyitoonline.com.ar\/index.php?rest_route=\/wp\/v2\/posts"}],"about":[{"href":"https:\/\/arroyitoonline.com.ar\/index.php?rest_route=\/wp\/v2\/types\/post"}],"author":[{"embeddable":true,"href":"https:\/\/arroyitoonline.com.ar\/index.php?rest_route=\/wp\/v2\/users\/3"}],"replies":[{"embeddable":true,"href":"https:\/\/arroyitoonline.com.ar\/index.php?rest_route=%2Fwp%2Fv2%2Fcomments&post=5099"}],"version-history":[{"count":5,"href":"https:\/\/arroyitoonline.com.ar\/index.php?rest_route=\/wp\/v2\/posts\/5099\/revisions"}],"predecessor-version":[{"id":5109,"href":"https:\/\/arroyitoonline.com.ar\/index.php?rest_route=\/wp\/v2\/posts\/5099\/revisions\/5109"}],"wp:featuredmedia":[{"embeddable":true,"href":"https:\/\/arroyitoonline.com.ar\/index.php?rest_route=\/wp\/v2\/media\/5100"}],"wp:attachment":[{"href":"https:\/\/arroyitoonline.com.ar\/index.php?rest_route=%2Fwp%2Fv2%2Fmedia&parent=5099"}],"wp:term":[{"taxonomy":"category","embeddable":true,"href":"https:\/\/arroyitoonline.com.ar\/index.php?rest_route=%2Fwp%2Fv2%2Fcategories&post=5099"},{"taxonomy":"post_tag","embeddable":true,"href":"https:\/\/arroyitoonline.com.ar\/index.php?rest_route=%2Fwp%2Fv2%2Ftags&post=5099"}],"curies":[{"name":"wp","href":"https:\/\/api.w.org\/{rel}","templated":true}]}}