{"id":5131,"date":"2019-08-13T19:28:46","date_gmt":"2019-08-13T19:28:46","guid":{"rendered":"https:\/\/arroyitoonline.com.ar\/?p=5131"},"modified":"2019-08-13T19:28:47","modified_gmt":"2019-08-13T19:28:47","slug":"nina-moya-llevo-su-cura-amarilla-al-museo-municipal","status":"publish","type":"post","link":"https:\/\/arroyitoonline.com.ar\/?p=5131","title":{"rendered":"Nina Moya llev\u00f3 su &#8220;Cura Amarilla&#8221; al Museo Municipal"},"content":{"rendered":"\n<p><strong>La obra perform\u00e1tica de la artista de Arroyito est\u00e1 disponible hasta el 20 de agosto.<\/strong><\/p>\n\n\n\n<p>El pasado s\u00e1bado 10, el Museo Hist\u00f3rico Municipal Jos\u00e9 Domingo Mercado prest\u00f3 las instalaciones de su Patio de Arte y particip\u00f3 de Zona Expandida, un evento que se desarroll\u00f3 en toda la provincia de C\u00f3rdoba perteneciente al Mercado de Arte Contempor\u00e1neo (MAC) 2019.<\/p>\n\n\n\n<p>La representaci\u00f3n local qued\u00f3 a cargo de la artista\u00a0<strong>Andrea Nina Moya,<\/strong>\u00a0quien fue invitada por la Red de Gesti\u00f3n Cultural de la Provincia de C\u00f3rdoba por sus antecedentes en este tipo de expresiones y manifestaciones del arte.<\/p>\n\n\n\n<p>Esta obra perform\u00e1tica llamada <strong>Cura Amarilla<\/strong><em>&#8220;nos invita a reconocernos en el ejercicio de una mirada situada, que vuelve consciente el lugar desde el que entendemos y expresamos el mundo conocido. Busca sumar la mirada de los muchos diversos que habitamos un territorio convirtiendo ese entramado de perspectivas en una cartograf\u00eda de lazos. De lo natural a lo cotidiano&#8221;<\/em>, explic\u00f3 Nina. <\/p>\n\n\n\n<p>La artista de Arroyito permiti\u00f3 un lazo con el p\u00fablico presente, despertando sentimientos que luego se fueron manifestando entre los asistentes, a trav\u00e9s de las propiedades del lim\u00f3n, elemento principal de la obra.<\/p>\n\n\n\n<p>Zona Expandida es un invitaci\u00f3n abierta a los museos de la ciudad y la provincia, cualquiera sea su tipolog\u00eda, a que incorporen a sus exposiciones, obras de arte contempor\u00e1neo.<\/p>\n\n\n\n<p>Intenta proponer el arte contempor\u00e1neo como met\u00e1fora que irrumpe en la exposici\u00f3n permanente y as\u00ed tensiona, interpela, incomoda o enamora, proponiendo nuevas narrativas y lenguajes alternativos de expresi\u00f3n. Entiende al arte en el museo como expresi\u00f3n de continuidad y ruptura de procesos narrativos; y al arte contempor\u00e1neo como alternativa para decir otras cosas a sus p\u00fablicos y para la invitaci\u00f3n a otros p\u00fablicos.<\/p>\n\n\n\n<p>Esta manifestaci\u00f3n se extender\u00e1 en el museo hasta el martes 20 de agosto, con motivo de que sea apreciada e interpretada por aquellos que visiten el museo.<\/p>\n\n\n\n<p>Fuente: Prensa Municipal.<\/p>\n","protected":false},"excerpt":{"rendered":"<p>La obra perform\u00e1tica de la artista de Arroyito est\u00e1 disponible hasta el 20 de agosto. El pasado s\u00e1bado 10, el&hellip;<\/p>\n","protected":false},"author":3,"featured_media":5132,"comment_status":"closed","ping_status":"open","sticky":false,"template":"","format":"standard","meta":{"footnotes":""},"categories":[2],"tags":[66,67,836,70,259,864,930,572],"class_list":["post-5131","post","type-post","status-publish","format-standard","has-post-thumbnail","hentry","category-cultura-y-espectaculos","tag-arroyito","tag-arroyito-cordoba","tag-arroyito-online","tag-arte","tag-cultura","tag-cultura-y-espectaculos-online","tag-museo-historico-municipal-jose-domingo-mercado","tag-noticias-de-arroyito-y-zona"],"_links":{"self":[{"href":"https:\/\/arroyitoonline.com.ar\/index.php?rest_route=\/wp\/v2\/posts\/5131","targetHints":{"allow":["GET"]}}],"collection":[{"href":"https:\/\/arroyitoonline.com.ar\/index.php?rest_route=\/wp\/v2\/posts"}],"about":[{"href":"https:\/\/arroyitoonline.com.ar\/index.php?rest_route=\/wp\/v2\/types\/post"}],"author":[{"embeddable":true,"href":"https:\/\/arroyitoonline.com.ar\/index.php?rest_route=\/wp\/v2\/users\/3"}],"replies":[{"embeddable":true,"href":"https:\/\/arroyitoonline.com.ar\/index.php?rest_route=%2Fwp%2Fv2%2Fcomments&post=5131"}],"version-history":[{"count":1,"href":"https:\/\/arroyitoonline.com.ar\/index.php?rest_route=\/wp\/v2\/posts\/5131\/revisions"}],"predecessor-version":[{"id":5133,"href":"https:\/\/arroyitoonline.com.ar\/index.php?rest_route=\/wp\/v2\/posts\/5131\/revisions\/5133"}],"wp:featuredmedia":[{"embeddable":true,"href":"https:\/\/arroyitoonline.com.ar\/index.php?rest_route=\/wp\/v2\/media\/5132"}],"wp:attachment":[{"href":"https:\/\/arroyitoonline.com.ar\/index.php?rest_route=%2Fwp%2Fv2%2Fmedia&parent=5131"}],"wp:term":[{"taxonomy":"category","embeddable":true,"href":"https:\/\/arroyitoonline.com.ar\/index.php?rest_route=%2Fwp%2Fv2%2Fcategories&post=5131"},{"taxonomy":"post_tag","embeddable":true,"href":"https:\/\/arroyitoonline.com.ar\/index.php?rest_route=%2Fwp%2Fv2%2Ftags&post=5131"}],"curies":[{"name":"wp","href":"https:\/\/api.w.org\/{rel}","templated":true}]}}