{"id":5161,"date":"2019-08-15T15:06:01","date_gmt":"2019-08-15T15:06:01","guid":{"rendered":"https:\/\/arroyitoonline.com.ar\/?p=5161"},"modified":"2019-08-15T18:24:22","modified_gmt":"2019-08-15T18:24:22","slug":"la-fiesta-cuentera-hizo-delirar-a-mas-de-300-personas-en-el-teatrillo","status":"publish","type":"post","link":"https:\/\/arroyitoonline.com.ar\/?p=5161","title":{"rendered":"La Fiesta Cuentera hizo delirar a m\u00e1s de 300 personas en el Teatrillo"},"content":{"rendered":"\n<p><strong>Cuento Viejo demostr\u00f3 porqu\u00e9 es la banda del momento, con un show despojado de egos y plagado de talentos. <\/strong><\/p>\n\n\n\n<p>El pasado s\u00e1bado 10 de agosto, Cuento Viejo celebr\u00f3 su segundo aniversario trepando a lo m\u00e1s alto de la consideraci\u00f3n popular concretando un hito que pocos artistas logran en nuestra ciudad. La banda del momento colm\u00f3 el Teatrillo Municipal Jos\u00e9 Francisco Guarch completando las butacas disponibles, agregando m\u00e1s sillas y dejando paradas a algunas personas en la parte de atr\u00e1s del recinto.<\/p>\n\n\n\n<p>A las 21:30 horas, como previa a la presentaci\u00f3n, en el sal\u00f3n multiusos contiguo, una kerm\u00e9s con malabaristas convoc\u00f3 a los presentes quienes, mientras disfrutaban del show, colaboraban con un buffet a beneficio de Coraz\u00f3n de Trapo, que cont\u00f3 con la asistencia de Cerveza Cincuentenaria, la m\u00e1s elegida de la noche.<\/p>\n\n\n\n<p>A continuaci\u00f3n, las luces y el sonido de Maxi Gudi\u00f1o \u2013La Francia- fueron el marco ideal para una fiesta inolvidable. Un explosivo y preciso Mat\u00edas Mendoza (voz), secundado por nueve m\u00fasicos, cuyos instrumentos sonaron potentes, result\u00f3 el perfecto showman interpretando las sensaciones de un p\u00fablico efusivo y en sinton\u00eda con el repertorio: desde Los Caligaris, padrinos de Cuento, hasta Rodrigo y La Mona, pasando por canciones propias, que ya se perfilan como hits radiales.<\/p>\n\n\n\n<figure><iframe loading=\"lazy\" src=\"https:\/\/www.facebook.com\/plugins\/video.php?href=https%3A%2F%2Fwww.facebook.com%2Farroyitoonlineoficial%2Fvideos%2F2347425792136827%2F&amp;show_text=0&amp;width=560\" width=\"560\" height=\"315\" allowfullscreen=\"true\"><\/iframe><\/figure>\n\n\n\n<p>Los invitados especiales, como no pod\u00eda ser de otro modo, estuvieron a la altura de las circunstancias. Primero Facu Ferreyra, reversionando Historias, y a puro baile, como nunca lo vimos.<\/p>\n\n\n\n<p>Despu\u00e9s Juanjo Cecc\u00f3n, admirado por los anfitriones, que se adue\u00f1\u00f3 de las teclas imprimi\u00e9ndole a La Camilla, una impronta bien cuentera.<\/p>\n\n\n\n<p>Por \u00faltimo, cuando el term\u00f3metro del entusiasmo estaba a punto del reviente, aparecieron en escena los Que Te Pasa Squash?, la banda de referencia de Mendoza y equipo. Checha Bozzana y Corcho Carnevale no escatimaron frenes\u00ed, en guitarra y voz.<\/p>\n\n\n\n<p>Fueron dos horas, durante las que Cuento Viejo demostr\u00f3 porqu\u00e9 es la banda del momento. Un show que no tiene nada que envidiarle a los de formaciones for\u00e1neas, donde se lucen todos, sin egos ni supremac\u00edas. Sobra talento y humildad, pero con la sensaci\u00f3n de que, arriba del escenario, es un grupo de amigos que se junta a tocar, para despuntar el vicio de sonar (cada vez mejor).<\/p>\n\n\n\n<p><strong>Cuento Viejo<\/strong><\/p>\n\n\n\n<p>Mat\u00edas Mendoza (voz)<\/p>\n\n\n\n<p>Sim\u00f3n Benedetti (guitarra)<\/p>\n\n\n\n<p>Mat\u00edas Vieyra (guitarra)<\/p>\n\n\n\n<p>Nicol\u00e1s Moyano (bajo)<\/p>\n\n\n\n<p>Juan Devit (saxo)<\/p>\n\n\n\n<p>Miguel Bachilleri (trompeta)<\/p>\n\n\n\n<p>Jonathan C\u00e1ceres (bater\u00eda)<\/p>\n\n\n\n<p>Mateo Pansarasa (teclado)<\/p>\n\n\n\n<p>Samuel Moriconi (percusi\u00f3n)<\/p>\n\n\n\n<figure class=\"wp-block-image\"><img loading=\"lazy\" decoding=\"async\" width=\"1024\" height=\"683\" src=\"https:\/\/arroyitoonline.com.ar\/wp-content\/uploads\/2019\/08\/cuento-viejo-autoridades-1024x683.jpg\" alt=\"\" class=\"wp-image-5163\" srcset=\"https:\/\/arroyitoonline.com.ar\/wp-content\/uploads\/2019\/08\/cuento-viejo-autoridades-1024x683.jpg 1024w, https:\/\/arroyitoonline.com.ar\/wp-content\/uploads\/2019\/08\/cuento-viejo-autoridades-300x200.jpg 300w, https:\/\/arroyitoonline.com.ar\/wp-content\/uploads\/2019\/08\/cuento-viejo-autoridades-768x512.jpg 768w, https:\/\/arroyitoonline.com.ar\/wp-content\/uploads\/2019\/08\/cuento-viejo-autoridades.jpg 1200w\" sizes=\"auto, (max-width: 1024px) 100vw, 1024px\" \/><figcaption><em>Los Cuento con el intendente y equipo<\/em><\/figcaption><\/figure>\n\n\n\n<p><em>&#8220;Apostemos por estos talentos j\u00f3venes que hacen a la cultura musical de nuestra ciudad. \u00a1Felicitaciones a ellos!&#8221;<\/em>, expresaron desde el Municipio, que tambi\u00e9n quiso ser parte de la Fiesta Cuentera, a trav\u00e9s de la asistencia del intendente Mauricio Cravero, el secretario de Obras P\u00fablicas Daniel Lafarina, la encargada de la oficina de Empleo Viviana Vercelli, el director de Deportes Gustavo Pecchio y el encargado de Corral\u00f3n N\u00e9stor Bonetto. <\/p>\n\n\n\n<p>Fotos: Prensa Municipal.<\/p>\n","protected":false},"excerpt":{"rendered":"<p>Cuento Viejo demostr\u00f3 porqu\u00e9 es la banda del momento, con un show despojado de egos y plagado de talentos. El&hellip;<\/p>\n","protected":false},"author":3,"featured_media":5162,"comment_status":"closed","ping_status":"open","sticky":false,"template":"","format":"standard","meta":{"footnotes":""},"categories":[826],"tags":[66,67,836,831,351,862,559,755],"class_list":["post-5161","post","type-post","status-publish","format-standard","has-post-thumbnail","hentry","category-espectaculos-online","tag-arroyito","tag-arroyito-cordoba","tag-arroyito-online","tag-cuento-viejo","tag-espectaculos","tag-espectaculos-online","tag-musica","tag-teatrillo"],"_links":{"self":[{"href":"https:\/\/arroyitoonline.com.ar\/index.php?rest_route=\/wp\/v2\/posts\/5161","targetHints":{"allow":["GET"]}}],"collection":[{"href":"https:\/\/arroyitoonline.com.ar\/index.php?rest_route=\/wp\/v2\/posts"}],"about":[{"href":"https:\/\/arroyitoonline.com.ar\/index.php?rest_route=\/wp\/v2\/types\/post"}],"author":[{"embeddable":true,"href":"https:\/\/arroyitoonline.com.ar\/index.php?rest_route=\/wp\/v2\/users\/3"}],"replies":[{"embeddable":true,"href":"https:\/\/arroyitoonline.com.ar\/index.php?rest_route=%2Fwp%2Fv2%2Fcomments&post=5161"}],"version-history":[{"count":13,"href":"https:\/\/arroyitoonline.com.ar\/index.php?rest_route=\/wp\/v2\/posts\/5161\/revisions"}],"predecessor-version":[{"id":5179,"href":"https:\/\/arroyitoonline.com.ar\/index.php?rest_route=\/wp\/v2\/posts\/5161\/revisions\/5179"}],"wp:featuredmedia":[{"embeddable":true,"href":"https:\/\/arroyitoonline.com.ar\/index.php?rest_route=\/wp\/v2\/media\/5162"}],"wp:attachment":[{"href":"https:\/\/arroyitoonline.com.ar\/index.php?rest_route=%2Fwp%2Fv2%2Fmedia&parent=5161"}],"wp:term":[{"taxonomy":"category","embeddable":true,"href":"https:\/\/arroyitoonline.com.ar\/index.php?rest_route=%2Fwp%2Fv2%2Fcategories&post=5161"},{"taxonomy":"post_tag","embeddable":true,"href":"https:\/\/arroyitoonline.com.ar\/index.php?rest_route=%2Fwp%2Fv2%2Ftags&post=5161"}],"curies":[{"name":"wp","href":"https:\/\/api.w.org\/{rel}","templated":true}]}}