{"id":5186,"date":"2019-08-15T19:26:37","date_gmt":"2019-08-15T19:26:37","guid":{"rendered":"https:\/\/arroyitoonline.com.ar\/?p=5186"},"modified":"2019-08-15T19:26:38","modified_gmt":"2019-08-15T19:26:38","slug":"fue-exitoso-el-workshop-cortes-color-y-peinados-2019","status":"publish","type":"post","link":"https:\/\/arroyitoonline.com.ar\/?p=5186","title":{"rendered":"Fue exitoso el Workshop Cortes, Color y Peinados 2019"},"content":{"rendered":"\n<p><strong>La capacitaci\u00f3n fue organizada por la profesora del Taller de Peluquer\u00eda de la Casa de la Cultura y del Centro Vecinal Xanaes, Vanesa Ram\u00edrez. <\/strong><\/p>\n\n\n\n<p>El lunes 12 se realiz\u00f3 por primera vez, en el Teatrillo Municipal Jos\u00e9 Francisco Guarch, el Workshop Cortes, Color y Peinados 2019, dictado por las maestras Instructoras Alejandra Toledo, de C\u00f3rdoba, y Mirian Gonz\u00e1lez, de San Francisco.<\/p>\n\n\n\n<p>Esta capacitaci\u00f3n, donde se conocieron las tendencias de la actual temporada y de la que vendr\u00e1, fue organizada por\u00a0Vanesa Ram\u00edrez, profesora del Taller de Peluquer\u00eda de la Casa de la Cultura y del Centro Vecinal Xanaes.<\/p>\n\n\n\n<p>La directora de Cultura Viviana Sam Sam acompa\u00f1\u00f3 la entrega de certificados al numeroso grupo de asistentes al curso.<\/p>\n","protected":false},"excerpt":{"rendered":"<p>La capacitaci\u00f3n fue organizada por la profesora del Taller de Peluquer\u00eda de la Casa de la Cultura y del Centro&hellip;<\/p>\n","protected":false},"author":3,"featured_media":5187,"comment_status":"closed","ping_status":"open","sticky":false,"template":"","format":"standard","meta":{"footnotes":""},"categories":[830,877],"tags":[66,67,836,265,310,556,878,572,1013,748],"class_list":["post-5186","post","type-post","status-publish","format-standard","has-post-thumbnail","hentry","category-educacion-online","category-noti-mujer-online","tag-arroyito","tag-arroyito-cordoba","tag-arroyito-online","tag-curso","tag-educacion","tag-municipalidad-de-arroyito","tag-noti-mujer-online","tag-noticias-de-arroyito-y-zona","tag-peluqueria","tag-taller"],"_links":{"self":[{"href":"https:\/\/arroyitoonline.com.ar\/index.php?rest_route=\/wp\/v2\/posts\/5186","targetHints":{"allow":["GET"]}}],"collection":[{"href":"https:\/\/arroyitoonline.com.ar\/index.php?rest_route=\/wp\/v2\/posts"}],"about":[{"href":"https:\/\/arroyitoonline.com.ar\/index.php?rest_route=\/wp\/v2\/types\/post"}],"author":[{"embeddable":true,"href":"https:\/\/arroyitoonline.com.ar\/index.php?rest_route=\/wp\/v2\/users\/3"}],"replies":[{"embeddable":true,"href":"https:\/\/arroyitoonline.com.ar\/index.php?rest_route=%2Fwp%2Fv2%2Fcomments&post=5186"}],"version-history":[{"count":1,"href":"https:\/\/arroyitoonline.com.ar\/index.php?rest_route=\/wp\/v2\/posts\/5186\/revisions"}],"predecessor-version":[{"id":5188,"href":"https:\/\/arroyitoonline.com.ar\/index.php?rest_route=\/wp\/v2\/posts\/5186\/revisions\/5188"}],"wp:featuredmedia":[{"embeddable":true,"href":"https:\/\/arroyitoonline.com.ar\/index.php?rest_route=\/wp\/v2\/media\/5187"}],"wp:attachment":[{"href":"https:\/\/arroyitoonline.com.ar\/index.php?rest_route=%2Fwp%2Fv2%2Fmedia&parent=5186"}],"wp:term":[{"taxonomy":"category","embeddable":true,"href":"https:\/\/arroyitoonline.com.ar\/index.php?rest_route=%2Fwp%2Fv2%2Fcategories&post=5186"},{"taxonomy":"post_tag","embeddable":true,"href":"https:\/\/arroyitoonline.com.ar\/index.php?rest_route=%2Fwp%2Fv2%2Ftags&post=5186"}],"curies":[{"name":"wp","href":"https:\/\/api.w.org\/{rel}","templated":true}]}}