{"id":5193,"date":"2019-08-16T18:04:08","date_gmt":"2019-08-16T18:04:08","guid":{"rendered":"https:\/\/arroyitoonline.com.ar\/?p=5193"},"modified":"2019-08-16T18:13:30","modified_gmt":"2019-08-16T18:13:30","slug":"benedetti-sin-filtro-vercelli-de-vice-de-otro-es-como-si-riquelme-jugara-en-river","status":"publish","type":"post","link":"https:\/\/arroyitoonline.com.ar\/?p=5193","title":{"rendered":"Benedetti, sin filtro: &#8220;Vercelli de vice de otro es como si Riquelme jugara en River&#8221;"},"content":{"rendered":"\n<p><strong>El exintendente habl\u00f3 por primera vez de la compa\u00f1era de f\u00f3rmula de Lafarina. Y agreg\u00f3 que <\/strong><em><strong>&#8220;si yo era clientelista, ella era la encargada del \u00e1rea social y pon\u00eda las firmas&#8221;<\/strong><\/em><strong>. <\/strong><\/p>\n\n\n\n<p>Esta ma\u00f1ana, Gustavo Benedetti visit\u00f3 los estudios de FM Top 99.9, durante el programa <em>La Tostadora<\/em>, que conducen Pablo Tucu Sosa y Natalia Marchisoney.<\/p>\n\n\n\n<p>En una extensa charla, el concejal radical se refiri\u00f3 a la idea de que, en las pr\u00f3ximas elecciones, se ponen en juego dos modelos de gesti\u00f3n para Arroyito, tal como se viene instalando desde el grupo de trabajo del precandidato oficialista Daniel Lafarina.<\/p>\n\n\n\n<p>Incluso, esta idea qued\u00f3 plasmada en una carta enviada por el ingeniero, la cual lleg\u00f3, en los \u00faltimos d\u00edas, a la mayor\u00eda de los hogares. En esa misiva, firmada por la f\u00f3rmula que completa Viviana Vercelli, puede leerse que <em>&#8220;este a\u00f1o se pone en juego una decisi\u00f3n fundamental&#8230; Por un lado, que apostemos al progreso&#8230; Y, por el otro, un modelo populista, clientelista&#8230; &#8220;<\/em>. <\/p>\n\n\n\n<p><em>&#8220;Vercelli de vice de otro precandidato es como si Riquelme jugara en River. Y si yo era clientelista, ella era la encargada del \u00e1rea social y pon\u00eda las firmas&#8221;<\/em>, sorprendi\u00f3 sin filtro, el exintendente, luego de una pausa en la que medit\u00f3 su respuesta, ya que hasta el momento no se hab\u00eda expedido sobre estos temas de manera p\u00fablica.<\/p>\n\n\n\n<p>Respecto a su precandidatura aclar\u00f3 que ir\u00e1 a internas radicales, solo si se garantiza la transparencia de esos comicios, porque las autoridades del Comit\u00e9 local ya fijaron posici\u00f3n por uno u otro y que su intenci\u00f3n es la conformaci\u00f3n de un frente que incluya varios partidos, incluso al Frente de Todos (Fern\u00e1ndez-Fern\u00e1ndez). <\/p>\n\n\n\n<p><strong>Prioridades de gesti\u00f3n<\/strong><\/p>\n\n\n\n<p>En otro momento de la entrevista, el edil de la UCR explic\u00f3 que, si llega al gobierno de Arroyito una vez m\u00e1s, continuar\u00e1 y concluir\u00e1 los dos planes de viviendas municipales vigentes (Casa y Casa Social) aclarando que los primeros 150 terrenos para iniciarlos fueron adquiridos en la \u00faltima parte de su segunda gesti\u00f3n.<\/p>\n\n\n\n<p>Tambi\u00e9n agreg\u00f3 que, en el \u00e1rea habitacional, arm\u00f3 un equipo en torno a la doctora en Arquitectura e investigadora del Conicet Daniela Gargantini, el cual trabaja sobre un nuevo proyecto llamado Mi tierra, que podr\u00eda contribuir a la resoluci\u00f3n del problema a 150 familias por a\u00f1o, al menos en cuanto a la adquisici\u00f3n de los lotes para la edificaci\u00f3n de hogares.<\/p>\n\n\n\n<p>Si bien Benedetti consider\u00f3 positiva la pol\u00edtica habitacional del actual intendente Mauricio Cravero, lo critic\u00f3 por la acefal\u00eda de la secretar\u00eda de Salud considerando que, en el Hospital, <em>&#8220;primero es pagar (el bono) y despu\u00e9s la atenci\u00f3n; y tiene que ser al rev\u00e9s&#8221;<\/em>. <\/p>\n\n\n\n<p>Adem\u00e1s, Gustavo habl\u00f3 sobre la preparaci\u00f3n de un programa para el tratamiento de los residuos, en el que trabaja la profesional Lelia Imhof, e indic\u00f3 que <em>&#8220;vamos a retomar el Plan Estrat\u00e9gico y a trabajar en el polo industrial, que para eso debe ser la oficina de la ADA -ubicada sobre calle Belgrano-, que hoy est\u00e1 para guardar las plumas de la Comparsa Gardelia y vamos a reactivarla&#8221;<\/em>. <\/p>\n","protected":false},"excerpt":{"rendered":"<p>El exintendente habl\u00f3 por primera vez de la compa\u00f1era de f\u00f3rmula de Lafarina. Y agreg\u00f3 que &#8220;si yo era clientelista,&hellip;<\/p>\n","protected":false},"author":3,"featured_media":5194,"comment_status":"closed","ping_status":"open","sticky":false,"template":"","format":"standard","meta":{"footnotes":""},"categories":[8],"tags":[13,66,67,836,115,318,968,870,572,640,871,783,969],"class_list":["post-5193","post","type-post","status-publish","format-standard","has-post-thumbnail","hentry","category-politica","tag-13","tag-arroyito","tag-arroyito-cordoba","tag-arroyito-online","tag-benedetti","tag-elecciones","tag-gustavo-benedetti","tag-interna-radical","tag-noticias-de-arroyito-y-zona","tag-politica","tag-radicalismo","tag-union-civica-radical","tag-vercelli"],"_links":{"self":[{"href":"https:\/\/arroyitoonline.com.ar\/index.php?rest_route=\/wp\/v2\/posts\/5193","targetHints":{"allow":["GET"]}}],"collection":[{"href":"https:\/\/arroyitoonline.com.ar\/index.php?rest_route=\/wp\/v2\/posts"}],"about":[{"href":"https:\/\/arroyitoonline.com.ar\/index.php?rest_route=\/wp\/v2\/types\/post"}],"author":[{"embeddable":true,"href":"https:\/\/arroyitoonline.com.ar\/index.php?rest_route=\/wp\/v2\/users\/3"}],"replies":[{"embeddable":true,"href":"https:\/\/arroyitoonline.com.ar\/index.php?rest_route=%2Fwp%2Fv2%2Fcomments&post=5193"}],"version-history":[{"count":3,"href":"https:\/\/arroyitoonline.com.ar\/index.php?rest_route=\/wp\/v2\/posts\/5193\/revisions"}],"predecessor-version":[{"id":5199,"href":"https:\/\/arroyitoonline.com.ar\/index.php?rest_route=\/wp\/v2\/posts\/5193\/revisions\/5199"}],"wp:featuredmedia":[{"embeddable":true,"href":"https:\/\/arroyitoonline.com.ar\/index.php?rest_route=\/wp\/v2\/media\/5194"}],"wp:attachment":[{"href":"https:\/\/arroyitoonline.com.ar\/index.php?rest_route=%2Fwp%2Fv2%2Fmedia&parent=5193"}],"wp:term":[{"taxonomy":"category","embeddable":true,"href":"https:\/\/arroyitoonline.com.ar\/index.php?rest_route=%2Fwp%2Fv2%2Fcategories&post=5193"},{"taxonomy":"post_tag","embeddable":true,"href":"https:\/\/arroyitoonline.com.ar\/index.php?rest_route=%2Fwp%2Fv2%2Ftags&post=5193"}],"curies":[{"name":"wp","href":"https:\/\/api.w.org\/{rel}","templated":true}]}}