{"id":5208,"date":"2019-08-18T21:23:09","date_gmt":"2019-08-18T21:23:09","guid":{"rendered":"https:\/\/arroyitoonline.com.ar\/?p=5208"},"modified":"2019-08-18T21:26:25","modified_gmt":"2019-08-18T21:26:25","slug":"se-calento-la-interna-radical-ahora-vercelli-le-contesto-a-benedetti","status":"publish","type":"post","link":"https:\/\/arroyitoonline.com.ar\/?p=5208","title":{"rendered":"Se calent\u00f3 la interna radical: ahora, Vercelli le contest\u00f3 a Benedetti"},"content":{"rendered":"\n<p><strong>La compa\u00f1era de f\u00f3rmula de Lafarina le respondi\u00f3 al exintendente, quien hab\u00eda dicho que <em>\u201csi yo era clientelista, ella era la encargada del \u00e1rea social y pon\u00eda las firmas\u201d<\/em>.<\/strong> <\/p>\n\n\n\n<p>El viernes\npasado, cuando la campa\u00f1a electoral local transcurr\u00eda a\u00fan sin fecha de comicios\npor dem\u00e1s tranquila, declaraciones de Gustavo Benedetti movieron el avispero. <\/p>\n\n\n\n<p>Es que el exintendente opin\u00f3 sobre la candidatura a vice de Viviana Vercelli, quien ingres\u00f3 al Municipio hace 15 a\u00f1os, durante su gesti\u00f3n, y hoy es, no solo encargada de la oficina de Empleo y de la Universidad Popular, sino adem\u00e1s referente del craverismo y, sin dudas, del lafarinismo.<\/p>\n\n\n\n<p>El concejal radical manifest\u00f3, en una entrevista realizada en FM Top 99.9, que Vercelli de vice de otro precandidato es como si Riquelme jugara en River, al tiempo que agreg\u00f3 que <em>\u201csi yo era clientelista, ella era la encargada del \u00e1rea social y pon\u00eda las firmas\u201d<\/em>.<\/p>\n\n\n\n<p>La contestaci\u00f3n de la licenciada en Trabajo Social no tard\u00f3 en conocerse. <em>\u201cTuve varias encargadas de Acci\u00f3n Social: Nancy (Actis Piazza), Alejandra (Arce), Edith (Casalis), Miriam (Zagonel, hoy secretaria del \u00e1rea). Pero lo que yo no recuerdo es cu\u00e1ndo fui la encargada, porque el \u00fanico que me dio la posibilidad de un cargo en Acci\u00f3n Social fue Mauricio Cravero\u201d<\/em>, indic\u00f3 Vercelli cuando fue consultada al respecto. <\/p>\n\n\n\n<p>\u00bfEsta respuesta que redobla la apuesta, ser\u00e1 definitiva, o se vendr\u00e1n m\u00e1s r\u00e9plicas?<\/p>\n","protected":false},"excerpt":{"rendered":"<p>La compa\u00f1era de f\u00f3rmula de Lafarina le respondi\u00f3 al exintendente, quien hab\u00eda dicho que \u201csi yo era clientelista, ella era&hellip;<\/p>\n","protected":false},"author":3,"featured_media":4652,"comment_status":"closed","ping_status":"open","sticky":false,"template":"","format":"standard","meta":{"footnotes":""},"categories":[8],"tags":[13,66,67,836,115,318,968,837,572,640,969],"class_list":["post-5208","post","type-post","status-publish","format-standard","has-post-thumbnail","hentry","category-politica","tag-13","tag-arroyito","tag-arroyito-cordoba","tag-arroyito-online","tag-benedetti","tag-elecciones","tag-gustavo-benedetti","tag-lafarina","tag-noticias-de-arroyito-y-zona","tag-politica","tag-vercelli"],"_links":{"self":[{"href":"https:\/\/arroyitoonline.com.ar\/index.php?rest_route=\/wp\/v2\/posts\/5208","targetHints":{"allow":["GET"]}}],"collection":[{"href":"https:\/\/arroyitoonline.com.ar\/index.php?rest_route=\/wp\/v2\/posts"}],"about":[{"href":"https:\/\/arroyitoonline.com.ar\/index.php?rest_route=\/wp\/v2\/types\/post"}],"author":[{"embeddable":true,"href":"https:\/\/arroyitoonline.com.ar\/index.php?rest_route=\/wp\/v2\/users\/3"}],"replies":[{"embeddable":true,"href":"https:\/\/arroyitoonline.com.ar\/index.php?rest_route=%2Fwp%2Fv2%2Fcomments&post=5208"}],"version-history":[{"count":3,"href":"https:\/\/arroyitoonline.com.ar\/index.php?rest_route=\/wp\/v2\/posts\/5208\/revisions"}],"predecessor-version":[{"id":5212,"href":"https:\/\/arroyitoonline.com.ar\/index.php?rest_route=\/wp\/v2\/posts\/5208\/revisions\/5212"}],"wp:featuredmedia":[{"embeddable":true,"href":"https:\/\/arroyitoonline.com.ar\/index.php?rest_route=\/wp\/v2\/media\/4652"}],"wp:attachment":[{"href":"https:\/\/arroyitoonline.com.ar\/index.php?rest_route=%2Fwp%2Fv2%2Fmedia&parent=5208"}],"wp:term":[{"taxonomy":"category","embeddable":true,"href":"https:\/\/arroyitoonline.com.ar\/index.php?rest_route=%2Fwp%2Fv2%2Fcategories&post=5208"},{"taxonomy":"post_tag","embeddable":true,"href":"https:\/\/arroyitoonline.com.ar\/index.php?rest_route=%2Fwp%2Fv2%2Ftags&post=5208"}],"curies":[{"name":"wp","href":"https:\/\/api.w.org\/{rel}","templated":true}]}}