{"id":5214,"date":"2019-08-19T01:46:18","date_gmt":"2019-08-19T01:46:18","guid":{"rendered":"https:\/\/arroyitoonline.com.ar\/?p=5214"},"modified":"2019-08-19T01:46:20","modified_gmt":"2019-08-19T01:46:20","slug":"bomberos-extinguieron-incendio-en-el-quincho-de-una-vivienda","status":"publish","type":"post","link":"https:\/\/arroyitoonline.com.ar\/?p=5214","title":{"rendered":"Bomberos extinguieron incendio en el quincho de una vivienda"},"content":{"rendered":"\n<p><strong>El foco \u00edgneo se origin\u00f3 en un lavarropas y se propag\u00f3 a estantes con herramientas y objetos varios. <\/strong><\/p>\n\n\n\n<p>Hoy a las 14:49 horas se produjo un incendio estructural en un domicilio de calle Sarmiento al 700. Al lugar se dirigieron los M\u00f3viles de Bomberos 11, 23, 24 y 25, a cargo del comisario Inspector BV Alejandro Sam Sam.<\/p>\n\n\n\n<p>Cuando los voluntarios llegaron al sector extinguieron el foco \u00edgneo que se desarrollaba en la parte trasera de la vivienda, en el sector del lavadero, origin\u00e1ndose en un lavarropas y propag\u00e1ndose a estantes con herramientas y objetos varios, afectando el humo al resto del quincho.<\/p>\n\n\n\n<p>Una vez finalizada la labor, los bomberos regresaron a base sin novedades.<\/p>\n\n\n\n<p>Seg\u00fan inform\u00f3 Walter Llanes, la due\u00f1a de la casa dijo que <em>&#8220;solo fue un susto&#8221;<\/em>. <\/p>\n\n\n\n<p>Foto: Walter Llanes. <\/p>\n","protected":false},"excerpt":{"rendered":"<p>El foco \u00edgneo se origin\u00f3 en un lavarropas y se propag\u00f3 a estantes con herramientas y objetos varios. Hoy a&hellip;<\/p>\n","protected":false},"author":3,"featured_media":5215,"comment_status":"closed","ping_status":"open","sticky":false,"template":"","format":"standard","meta":{"footnotes":""},"categories":[900],"tags":[66,67,836,127,128,571,572],"class_list":["post-5214","post","type-post","status-publish","format-standard","has-post-thumbnail","hentry","category-noticias","tag-arroyito","tag-arroyito-cordoba","tag-arroyito-online","tag-bomberos-arroyito","tag-bomberos-de-arroyito","tag-noticia","tag-noticias-de-arroyito-y-zona"],"_links":{"self":[{"href":"https:\/\/arroyitoonline.com.ar\/index.php?rest_route=\/wp\/v2\/posts\/5214","targetHints":{"allow":["GET"]}}],"collection":[{"href":"https:\/\/arroyitoonline.com.ar\/index.php?rest_route=\/wp\/v2\/posts"}],"about":[{"href":"https:\/\/arroyitoonline.com.ar\/index.php?rest_route=\/wp\/v2\/types\/post"}],"author":[{"embeddable":true,"href":"https:\/\/arroyitoonline.com.ar\/index.php?rest_route=\/wp\/v2\/users\/3"}],"replies":[{"embeddable":true,"href":"https:\/\/arroyitoonline.com.ar\/index.php?rest_route=%2Fwp%2Fv2%2Fcomments&post=5214"}],"version-history":[{"count":1,"href":"https:\/\/arroyitoonline.com.ar\/index.php?rest_route=\/wp\/v2\/posts\/5214\/revisions"}],"predecessor-version":[{"id":5216,"href":"https:\/\/arroyitoonline.com.ar\/index.php?rest_route=\/wp\/v2\/posts\/5214\/revisions\/5216"}],"wp:featuredmedia":[{"embeddable":true,"href":"https:\/\/arroyitoonline.com.ar\/index.php?rest_route=\/wp\/v2\/media\/5215"}],"wp:attachment":[{"href":"https:\/\/arroyitoonline.com.ar\/index.php?rest_route=%2Fwp%2Fv2%2Fmedia&parent=5214"}],"wp:term":[{"taxonomy":"category","embeddable":true,"href":"https:\/\/arroyitoonline.com.ar\/index.php?rest_route=%2Fwp%2Fv2%2Fcategories&post=5214"},{"taxonomy":"post_tag","embeddable":true,"href":"https:\/\/arroyitoonline.com.ar\/index.php?rest_route=%2Fwp%2Fv2%2Ftags&post=5214"}],"curies":[{"name":"wp","href":"https:\/\/api.w.org\/{rel}","templated":true}]}}