{"id":5217,"date":"2019-08-16T16:49:12","date_gmt":"2019-08-16T16:49:12","guid":{"rendered":"https:\/\/arroyitoonline.com.ar\/?p=5217"},"modified":"2019-08-19T01:58:01","modified_gmt":"2019-08-19T01:58:01","slug":"17-de-agosto-el-insm-fue-sede-del-acto-oficial","status":"publish","type":"post","link":"https:\/\/arroyitoonline.com.ar\/?p=5217","title":{"rendered":"17 de agosto: el INSM fue sede del acto oficial"},"content":{"rendered":"\n<p><strong>En este caso se conmemor\u00f3 el 169\u00ba Aniversario del paso a la inmortalidad del general Jos\u00e9 de San Mart\u00edn.<\/strong><\/p>\n\n\n\n<p>En horas la ma\u00f1ana del viernes, el Instituto Nuestra Se\u00f1ora de la Merced fue sede del acto oficial en conmemoraci\u00f3n al 169\u00ba Aniversario del paso a la inmortalidad del Gral. Jos\u00e9 de San Mart\u00edn.<\/p>\n\n\n\n<p>Del evento participaron la viceintendente Graciela Tristany, la secretaria Privada Marcela Ferreyra, el secretario de Gobierno Ignacio Cabello, la coordinadora de la Oficina de Empleo Viviana Vercelli, profesores y alumnos. <\/p>\n\n\n\n<p>Durante el desarrollo del acto, y a trav\u00e9s de distintas coreograf\u00edas, estudiantes representaron las \u00e9pocas vividas por aquellos que hicieron una patria grande.<\/p>\n\n\n\n<p>Cada 17 de agosto se recuerda deceso del general San Mart\u00edn, el Libertador de Am\u00e9rica. En Argentina se le reconoce como el \u201cPadre de la Patria\u201d. En Per\u00fa, se lo recuerda como el libertador de aquel pa\u00eds, con los t\u00edtulos de \u201cFundador de la Libertad del Per\u00fa\u201d, \u201cFundador de la Rep\u00fablica\u201d y \u201cGeneral\u00edsimo de las Armas\u201d. En Chile, su ej\u00e9rcito lo ha destacado con el grado de capit\u00e1n General.<\/p>\n\n\n\n<p>Pero m\u00e1s all\u00e1 de su gesta libertadora, San Mart\u00edn es una pieza fundamental en la construcci\u00f3n de nuestra identidad nacional.<\/p>\n\n\n\n<p>Fuente: Prensa Municipal. <\/p>\n","protected":false},"excerpt":{"rendered":"<p>En este caso se conmemor\u00f3 el 169\u00ba Aniversario del paso a la inmortalidad del general Jos\u00e9 de San Mart\u00edn. En&hellip;<\/p>\n","protected":false},"author":3,"featured_media":5218,"comment_status":"closed","ping_status":"open","sticky":false,"template":"","format":"standard","meta":{"footnotes":""},"categories":[830],"tags":[66,67,836,310,348,450,572,712],"class_list":["post-5217","post","type-post","status-publish","format-standard","has-post-thumbnail","hentry","category-educacion-online","tag-arroyito","tag-arroyito-cordoba","tag-arroyito-online","tag-educacion","tag-escuelas","tag-instituto-nuestra-senora-de-la-merced","tag-noticias-de-arroyito-y-zona","tag-san-martin"],"_links":{"self":[{"href":"https:\/\/arroyitoonline.com.ar\/index.php?rest_route=\/wp\/v2\/posts\/5217","targetHints":{"allow":["GET"]}}],"collection":[{"href":"https:\/\/arroyitoonline.com.ar\/index.php?rest_route=\/wp\/v2\/posts"}],"about":[{"href":"https:\/\/arroyitoonline.com.ar\/index.php?rest_route=\/wp\/v2\/types\/post"}],"author":[{"embeddable":true,"href":"https:\/\/arroyitoonline.com.ar\/index.php?rest_route=\/wp\/v2\/users\/3"}],"replies":[{"embeddable":true,"href":"https:\/\/arroyitoonline.com.ar\/index.php?rest_route=%2Fwp%2Fv2%2Fcomments&post=5217"}],"version-history":[{"count":1,"href":"https:\/\/arroyitoonline.com.ar\/index.php?rest_route=\/wp\/v2\/posts\/5217\/revisions"}],"predecessor-version":[{"id":5219,"href":"https:\/\/arroyitoonline.com.ar\/index.php?rest_route=\/wp\/v2\/posts\/5217\/revisions\/5219"}],"wp:featuredmedia":[{"embeddable":true,"href":"https:\/\/arroyitoonline.com.ar\/index.php?rest_route=\/wp\/v2\/media\/5218"}],"wp:attachment":[{"href":"https:\/\/arroyitoonline.com.ar\/index.php?rest_route=%2Fwp%2Fv2%2Fmedia&parent=5217"}],"wp:term":[{"taxonomy":"category","embeddable":true,"href":"https:\/\/arroyitoonline.com.ar\/index.php?rest_route=%2Fwp%2Fv2%2Fcategories&post=5217"},{"taxonomy":"post_tag","embeddable":true,"href":"https:\/\/arroyitoonline.com.ar\/index.php?rest_route=%2Fwp%2Fv2%2Ftags&post=5217"}],"curies":[{"name":"wp","href":"https:\/\/api.w.org\/{rel}","templated":true}]}}