{"id":5220,"date":"2019-08-19T02:11:47","date_gmt":"2019-08-19T02:11:47","guid":{"rendered":"https:\/\/arroyitoonline.com.ar\/?p=5220"},"modified":"2019-08-19T02:11:53","modified_gmt":"2019-08-19T02:11:53","slug":"esta-en-marcha-la-6a-edicion-de-por-las-huellas-del-pasado","status":"publish","type":"post","link":"https:\/\/arroyitoonline.com.ar\/?p=5220","title":{"rendered":"Est\u00e1 en marcha la 6\u00aa edici\u00f3n de Por las Huellas del Pasado"},"content":{"rendered":"\n<p><strong>Los 35 jinetes que participan llegar\u00e1n a la Plaza San Mart\u00edn este lunes a las 15:00 horas. <\/strong><\/p>\n\n\n\n<p>ste lunes 19 a las 15:00 horas, en la Plaza San Mart\u00edn -ubicada sobre Av. Dalle Mura esquina Avellaneda-, llegar\u00e1n los jinetes que participan de la 6\u00aa edici\u00f3n de Por las Huellas del Pasado.<\/p>\n\n\n\n<p>Este recorrido, que une Villa del Rosario, Capilla del Carmen y Villa del Tr\u00e1nsito por el oeste y Villa Concepci\u00f3n del T\u00edo por el este, se realiza a la usanza tradicional argentina rememorando la \u00e9poca de los caminos reales que pasaron a llamarse &#8220;de la Patria\u201d despu\u00e9s de 1810.\u00a0<\/p>\n\n\n\n<p>Participaran alrededor de 35 montadores de Arroyito y de otras localidades. La coordinaci\u00f3n de la actividad est\u00e1 a cargo del grupo Cultores de la Tradici\u00f3n.<\/p>\n\n\n\n<p>Fuente: Prensa Municipal. <\/p>\n","protected":false},"excerpt":{"rendered":"<p>Los 35 jinetes que participan llegar\u00e1n a la Plaza San Mart\u00edn este lunes a las 15:00 horas. ste lunes 19&hellip;<\/p>\n","protected":false},"author":3,"featured_media":5221,"comment_status":"closed","ping_status":"open","sticky":false,"template":"","format":"standard","meta":{"footnotes":""},"categories":[2],"tags":[66,67,836,259,864,572],"class_list":["post-5220","post","type-post","status-publish","format-standard","has-post-thumbnail","hentry","category-cultura-y-espectaculos","tag-arroyito","tag-arroyito-cordoba","tag-arroyito-online","tag-cultura","tag-cultura-y-espectaculos-online","tag-noticias-de-arroyito-y-zona"],"_links":{"self":[{"href":"https:\/\/arroyitoonline.com.ar\/index.php?rest_route=\/wp\/v2\/posts\/5220","targetHints":{"allow":["GET"]}}],"collection":[{"href":"https:\/\/arroyitoonline.com.ar\/index.php?rest_route=\/wp\/v2\/posts"}],"about":[{"href":"https:\/\/arroyitoonline.com.ar\/index.php?rest_route=\/wp\/v2\/types\/post"}],"author":[{"embeddable":true,"href":"https:\/\/arroyitoonline.com.ar\/index.php?rest_route=\/wp\/v2\/users\/3"}],"replies":[{"embeddable":true,"href":"https:\/\/arroyitoonline.com.ar\/index.php?rest_route=%2Fwp%2Fv2%2Fcomments&post=5220"}],"version-history":[{"count":1,"href":"https:\/\/arroyitoonline.com.ar\/index.php?rest_route=\/wp\/v2\/posts\/5220\/revisions"}],"predecessor-version":[{"id":5222,"href":"https:\/\/arroyitoonline.com.ar\/index.php?rest_route=\/wp\/v2\/posts\/5220\/revisions\/5222"}],"wp:featuredmedia":[{"embeddable":true,"href":"https:\/\/arroyitoonline.com.ar\/index.php?rest_route=\/wp\/v2\/media\/5221"}],"wp:attachment":[{"href":"https:\/\/arroyitoonline.com.ar\/index.php?rest_route=%2Fwp%2Fv2%2Fmedia&parent=5220"}],"wp:term":[{"taxonomy":"category","embeddable":true,"href":"https:\/\/arroyitoonline.com.ar\/index.php?rest_route=%2Fwp%2Fv2%2Fcategories&post=5220"},{"taxonomy":"post_tag","embeddable":true,"href":"https:\/\/arroyitoonline.com.ar\/index.php?rest_route=%2Fwp%2Fv2%2Ftags&post=5220"}],"curies":[{"name":"wp","href":"https:\/\/api.w.org\/{rel}","templated":true}]}}